{"id":16786,"date":"2025-10-28T01:56:33","date_gmt":"2025-10-28T01:56:33","guid":{"rendered":"https:\/\/infozamoraec.com\/?p=16786"},"modified":"2025-10-28T01:56:33","modified_gmt":"2025-10-28T01:56:33","slug":"jamaica-teme-destruccion-masiva-por-poderoso-huracan-melissa","status":"publish","type":"post","link":"https:\/\/infozamoraec.com\/index.php\/2025\/10\/28\/jamaica-teme-destruccion-masiva-por-poderoso-huracan-melissa\/","title":{"rendered":"Jamaica teme destrucci\u00f3n masiva por poderoso hurac\u00e1n Melissa"},"content":{"rendered":"<p>Vientos brutales y lluvias intensas azotaban Jamaica este lunes (27.10.2025) al acercarse el hurac\u00e1n Melissa, que podr\u00eda causar destrucci\u00f3n \u00abmasiva\u00bb, la peor registrada en la isla seg\u00fan las autoridades.<\/p>\n<p>La tormenta, que actualmente se encuentra al sur de la naci\u00f3n insular, \u00abprobablemente girar\u00e1 hacia el norte, lo que significa que podr\u00eda tener un impacto en nuestras costas, m\u00e1s hacia el extremo occidental de Jamaica\u00bb, dijo el primer ministro Andrew Holness, en una entrevista televisiva.<\/p>\n<p>\u00abY si eso llegara a suceder, y lo he dicho antes, no creo que haya infraestructura en esta regi\u00f3n que pueda resistir una tormenta de categor\u00eda 5, por lo que podr\u00eda haber una perturbaci\u00f3n significativa\u00bb, a\u00f1adi\u00f3.<\/p>\n<p>Con vientos de 280 km\/h, Melissa alcanz\u00f3 la categor\u00eda 5, la m\u00e1xima en la escala Saffir-Simson. El poderoso hurac\u00e1n contin\u00faa acerc\u00e1ndose a Jamaica, donde se espera que toque tierra durante la noche de este lunes o en las primeras horas del martes.<\/p>\n<p>\u00abLos vientos destructivos, las marejadas cicl\u00f3nicas y las inundaciones catastr\u00f3ficas empeorar\u00e1n en Jamaica a lo largo del d\u00eda y durante la noche\u00bb, advirti\u00f3 el Centro Nacional de Huracanes de Estados Unidos (NHC).<\/p>\n<p>Sus fuertes lluvias combinadas con vientos intensos podr\u00edan causar devastaci\u00f3n a la escala de huracanes hist\u00f3ricos como Mar\u00eda en 2017 o Katrina en 2005.<\/p>\n<h2>Muchos se niegan a evucuar<\/h2>\n<p>A pesar de las \u00f3rdenes de evacuaci\u00f3n, muchos residentes de Jamaica decidieron quedarse.<\/p>\n<p>\u00abNo me voy a mover. No creo poder escapar de la muerte\u00bb, dijo Roy Brown, hablando desde la hist\u00f3rica zona costera de Port Royal en Kingston.<\/p>\n<p>El hombre mencion\u00f3 las condiciones y malas experiencias pasadas en los refugios gubernamentales para huracanes como razones para no evacuar.<\/p>\n<p>\u00abSimplemente no me quiero ir\u00bb, dijo Jennifer Ramdial, una pescadora que hizo eco de las palabras de Brown.<\/p>\n<p>Hanna Mcleod, de 23 a\u00f1os, una recepcionista de un hotel de Kingston, la capital jamaicana, dijo que hab\u00eda tapiado las ventanas de su casa, donde se alojan su marido y su hermano. Se abasteci\u00f3 de comida enlatada y dej\u00f3 velas y linternas por toda la casa.<\/p>\n<p>\u00abSolo les dije que mantuvieran la puerta cerrada\u00bb, explic\u00f3. \u00abEstoy muy preocupada. De hecho, es la primera vez que voy avivir un hurac\u00e1n de este tipo\u00bb, agreg\u00f3.<\/p>\n<p>Holness sostuvo que la evacuaci\u00f3n era por \u00abel bien nacional de salvar vidas\u00bb.<\/p>\n<p>\u00abSe les advirti\u00f3. Ahora depende de ustedes usar esa informaci\u00f3n para tomar la decisi\u00f3n correcta\u00bb, dijo durante una rueda de prensa.<\/p>\n","protected":false},"excerpt":{"rendered":"<p>Vientos brutales y lluvias intensas azotaban Jamaica este lunes (27.10.2025) al acercarse el hurac\u00e1n Melissa, que podr\u00eda causar destrucci\u00f3n \u00abmasiva\u00bb, la peor registrada en la isla seg\u00fan las autoridades. La tormenta, que actualmente se encuentra al sur de la naci\u00f3n insular, \u00abprobablemente girar\u00e1 hacia el norte, lo que significa que podr\u00eda tener un impacto en [&hellip;]<\/p>\n","protected":false},"author":1,"featured_media":16787,"comment_status":"open","ping_status":"open","sticky":false,"template":"","format":"standard","meta":{"footnotes":""},"categories":[8],"tags":[],"_links":{"self":[{"href":"https:\/\/infozamoraec.com\/index.php\/wp-json\/wp\/v2\/posts\/16786"}],"collection":[{"href":"https:\/\/infozamoraec.com\/index.php\/wp-json\/wp\/v2\/posts"}],"about":[{"href":"https:\/\/infozamoraec.com\/index.php\/wp-json\/wp\/v2\/types\/post"}],"author":[{"embeddable":true,"href":"https:\/\/infozamoraec.com\/index.php\/wp-json\/wp\/v2\/users\/1"}],"replies":[{"embeddable":true,"href":"https:\/\/infozamoraec.com\/index.php\/wp-json\/wp\/v2\/comments?post=16786"}],"version-history":[{"count":1,"href":"https:\/\/infozamoraec.com\/index.php\/wp-json\/wp\/v2\/posts\/16786\/revisions"}],"predecessor-version":[{"id":16788,"href":"https:\/\/infozamoraec.com\/index.php\/wp-json\/wp\/v2\/posts\/16786\/revisions\/16788"}],"wp:featuredmedia":[{"embeddable":true,"href":"https:\/\/infozamoraec.com\/index.php\/wp-json\/wp\/v2\/media\/16787"}],"wp:attachment":[{"href":"https:\/\/infozamoraec.com\/index.php\/wp-json\/wp\/v2\/media?parent=16786"}],"wp:term":[{"taxonomy":"category","embeddable":true,"href":"https:\/\/infozamoraec.com\/index.php\/wp-json\/wp\/v2\/categories?post=16786"},{"taxonomy":"post_tag","embeddable":true,"href":"https:\/\/infozamoraec.com\/index.php\/wp-json\/wp\/v2\/tags?post=16786"}],"curies":[{"name":"wp","href":"https:\/\/api.w.org\/{rel}","templated":true}]}}