{"id":16778,"date":"2025-10-28T01:50:12","date_gmt":"2025-10-28T01:50:12","guid":{"rendered":"https:\/\/infozamoraec.com\/?p=16778"},"modified":"2025-10-28T01:50:12","modified_gmt":"2025-10-28T01:50:12","slug":"noboa-deroga-decretos-ejecutivos-que-declaraban-estado-de-excepcion-por-el-paro","status":"publish","type":"post","link":"https:\/\/infozamoraec.com\/index.php\/2025\/10\/28\/noboa-deroga-decretos-ejecutivos-que-declaraban-estado-de-excepcion-por-el-paro\/","title":{"rendered":"Noboa deroga Decretos Ejecutivos que declaraban estado de excepci\u00f3n por el paro"},"content":{"rendered":"<p>Al suscribir el decreto 189, el presidente Daniel Noboa derog\u00f3 el estado de excepci\u00f3n en 10 provincias de Ecuador, el cual rigi\u00f3 durante el paro convocado por la Conaie tras la eliminaci\u00f3n del subsidio al di\u00e9sel.<\/p>\n<p>De este modo se elimina el estado excepci\u00f3n en Pichincha, Cotopaxi, Tungurahua, Chimborazo, Bol\u00edvar, Ca\u00f1ar, Azuay, Orellana, Sucumb\u00edos y Pastaza donde tampoco rige toque de queda.<\/p>\n<p>La Confederaci\u00f3n de Nacionalidades Ind\u00edgenas de Ecuador (Conaie) anunci\u00f3 el mi\u00e9rcoles 22 el cese del paro que comenz\u00f3 hace un mes en rechazo a la eliminaci\u00f3n del subsidio al di\u00e9sel y otras demandas.<\/p>\n<p>\u00abAnte la brutal represi\u00f3n ordenada por el Gobierno de Daniel Noboa, con tres fallecidos y decenas de heridos, hemos tomado una decisi\u00f3n dif\u00edcil pero necesaria: el cese del Paro Nacional 2025, el despeje de las v\u00edas y el repliegue a los territorios para proteger la vida de nuestro pueblo\u00ab, se\u00f1al\u00f3 en un comunicado.<\/p>\n<p>El anuncio lo hizo pocas horas despu\u00e9s de que Noboa avisara que \u00abentre hoy y ma\u00f1ana\u00bb abrir\u00edan las v\u00edas de Imbabura, epicentro de las protestas.<\/p>\n<p>En un video en redes sociales, el presidente de la Conaie, Marlon Vargas, dijo que el anuncio de Noboa sobre la intervenci\u00f3n en Imbabura, les causa \u00abprofunda preocupaci\u00f3n\u00bb.<\/p>\n<p>\u00abEste Gobierno ha demostrado que la violaci\u00f3n de los derechos humanos no representa un l\u00edmite para sus decisiones\u00bb, a\u00f1adi\u00f3 Vargas. (I)<\/p>\n","protected":false},"excerpt":{"rendered":"<p>Al suscribir el decreto 189, el presidente Daniel Noboa derog\u00f3 el estado de excepci\u00f3n en 10 provincias de Ecuador, el cual rigi\u00f3 durante el paro convocado por la Conaie tras la eliminaci\u00f3n del subsidio al di\u00e9sel. De este modo se elimina el estado excepci\u00f3n en Pichincha, Cotopaxi, Tungurahua, Chimborazo, Bol\u00edvar, Ca\u00f1ar, Azuay, Orellana, Sucumb\u00edos y [&hellip;]<\/p>\n","protected":false},"author":1,"featured_media":16779,"comment_status":"open","ping_status":"open","sticky":false,"template":"","format":"standard","meta":{"footnotes":""},"categories":[12],"tags":[],"_links":{"self":[{"href":"https:\/\/infozamoraec.com\/index.php\/wp-json\/wp\/v2\/posts\/16778"}],"collection":[{"href":"https:\/\/infozamoraec.com\/index.php\/wp-json\/wp\/v2\/posts"}],"about":[{"href":"https:\/\/infozamoraec.com\/index.php\/wp-json\/wp\/v2\/types\/post"}],"author":[{"embeddable":true,"href":"https:\/\/infozamoraec.com\/index.php\/wp-json\/wp\/v2\/users\/1"}],"replies":[{"embeddable":true,"href":"https:\/\/infozamoraec.com\/index.php\/wp-json\/wp\/v2\/comments?post=16778"}],"version-history":[{"count":1,"href":"https:\/\/infozamoraec.com\/index.php\/wp-json\/wp\/v2\/posts\/16778\/revisions"}],"predecessor-version":[{"id":16780,"href":"https:\/\/infozamoraec.com\/index.php\/wp-json\/wp\/v2\/posts\/16778\/revisions\/16780"}],"wp:featuredmedia":[{"embeddable":true,"href":"https:\/\/infozamoraec.com\/index.php\/wp-json\/wp\/v2\/media\/16779"}],"wp:attachment":[{"href":"https:\/\/infozamoraec.com\/index.php\/wp-json\/wp\/v2\/media?parent=16778"}],"wp:term":[{"taxonomy":"category","embeddable":true,"href":"https:\/\/infozamoraec.com\/index.php\/wp-json\/wp\/v2\/categories?post=16778"},{"taxonomy":"post_tag","embeddable":true,"href":"https:\/\/infozamoraec.com\/index.php\/wp-json\/wp\/v2\/tags?post=16778"}],"curies":[{"name":"wp","href":"https:\/\/api.w.org\/{rel}","templated":true}]}}