{"id":16775,"date":"2025-10-28T01:51:55","date_gmt":"2025-10-28T01:51:55","guid":{"rendered":"https:\/\/infozamoraec.com\/?p=16775"},"modified":"2025-10-28T01:51:55","modified_gmt":"2025-10-28T01:51:55","slug":"ecuador-se-proyecta-a-romper-record-de-muertes-violentas-alcanzaria-cifra-de-9-000-al-cierre-del-2025","status":"publish","type":"post","link":"https:\/\/infozamoraec.com\/index.php\/2025\/10\/28\/ecuador-se-proyecta-a-romper-record-de-muertes-violentas-alcanzaria-cifra-de-9-000-al-cierre-del-2025\/","title":{"rendered":"Ecuador se proyecta a romper r\u00e9cord de muertes violentas: alcanzar\u00eda cifra de 9.000 al cierre del 2025"},"content":{"rendered":"<p>El fin de semana anterior, al menos tres eventos m\u00faltiples conmocionaron a poblaciones de la Costa ecuatoriana. Los hechos se dieron en Manab\u00ed, Santa Elena y Santo Domingo de los Ts\u00e1chilas.<\/p>\n<p>A la medianoche del viernes 24 de octubre, en un ataque cinco personas fallecieron y una qued\u00f3 herida en un billar situado en la av. Abraham Calazac\u00f3n, en Santo Domingo.<\/p>\n<p>En la madrugada del s\u00e1bado 25, en el sector Vinicio Yagual, de la parroquia Jos\u00e9 Luis Tamayo (Salinas), en Santa Elena, hubo un ataque m\u00faltiple contra tres mujeres, una de ellas menor de edad.<\/p>\n<p>A la tarde de ese mismo s\u00e1bado, en el sector El Cerrito, en el cant\u00f3n Rocafuerte, en Manab\u00ed, otro evento m\u00faltiple sum\u00f3 ocho asesinados m\u00e1s. El ataque se produjo cuando las v\u00edctimas estaban jugando naipes en el patio de un inmueble.<\/p>\n<p>Entre los tres eventos sumaron 16 muertes violentas en el fin de semana reciente.<\/p>\n<p>Actualmente, Ecuador convive con un incremento sustancial de los \u00edndices de violencia.<\/p>\n<p>Seg\u00fan autoridades, la mayor\u00eda de los hechos de violencia se traducen en la disputa interna de bandas delincuenciales por el control de territorios para el cometimiento de delitos, sobre todo el tr\u00e1fico de drogas.<\/p>\n<p>En 2024, las cifras alcanzaron un total de 7.063 muertes violentas en todo el pa\u00eds, seg\u00fan estad\u00edsticas del Ministerio del Interior.<\/p>\n<p>En 2023 se dio el r\u00e9cord hist\u00f3rico de 8.248, mientras que en 2022 fueron 4.886.<\/p>\n<p>Este 2025, entre el 1 de enero y el 30 de septiembre, los \u00edndices de violencia alcanzaron los 6.797 casos. Solo julio y agosto dieron muestras de un incremento con 761 y 751 v\u00edctimas, respectivamente.<\/p>\n","protected":false},"excerpt":{"rendered":"<p>El fin de semana anterior, al menos tres eventos m\u00faltiples conmocionaron a poblaciones de la Costa ecuatoriana. Los hechos se dieron en Manab\u00ed, Santa Elena y Santo Domingo de los Ts\u00e1chilas. A la medianoche del viernes 24 de octubre, en un ataque cinco personas fallecieron y una qued\u00f3 herida en un billar situado en la [&hellip;]<\/p>\n","protected":false},"author":1,"featured_media":16781,"comment_status":"open","ping_status":"open","sticky":false,"template":"","format":"standard","meta":{"footnotes":""},"categories":[12],"tags":[],"_links":{"self":[{"href":"https:\/\/infozamoraec.com\/index.php\/wp-json\/wp\/v2\/posts\/16775"}],"collection":[{"href":"https:\/\/infozamoraec.com\/index.php\/wp-json\/wp\/v2\/posts"}],"about":[{"href":"https:\/\/infozamoraec.com\/index.php\/wp-json\/wp\/v2\/types\/post"}],"author":[{"embeddable":true,"href":"https:\/\/infozamoraec.com\/index.php\/wp-json\/wp\/v2\/users\/1"}],"replies":[{"embeddable":true,"href":"https:\/\/infozamoraec.com\/index.php\/wp-json\/wp\/v2\/comments?post=16775"}],"version-history":[{"count":1,"href":"https:\/\/infozamoraec.com\/index.php\/wp-json\/wp\/v2\/posts\/16775\/revisions"}],"predecessor-version":[{"id":16782,"href":"https:\/\/infozamoraec.com\/index.php\/wp-json\/wp\/v2\/posts\/16775\/revisions\/16782"}],"wp:featuredmedia":[{"embeddable":true,"href":"https:\/\/infozamoraec.com\/index.php\/wp-json\/wp\/v2\/media\/16781"}],"wp:attachment":[{"href":"https:\/\/infozamoraec.com\/index.php\/wp-json\/wp\/v2\/media?parent=16775"}],"wp:term":[{"taxonomy":"category","embeddable":true,"href":"https:\/\/infozamoraec.com\/index.php\/wp-json\/wp\/v2\/categories?post=16775"},{"taxonomy":"post_tag","embeddable":true,"href":"https:\/\/infozamoraec.com\/index.php\/wp-json\/wp\/v2\/tags?post=16775"}],"curies":[{"name":"wp","href":"https:\/\/api.w.org\/{rel}","templated":true}]}}