{"id":16774,"date":"2025-10-28T01:47:22","date_gmt":"2025-10-28T01:47:22","guid":{"rendered":"https:\/\/infozamoraec.com\/?p=16774"},"modified":"2025-10-28T01:47:22","modified_gmt":"2025-10-28T01:47:22","slug":"carolina-jaramillo-denuncia-amenazas-en-su-contra","status":"publish","type":"post","link":"https:\/\/infozamoraec.com\/index.php\/2025\/10\/28\/carolina-jaramillo-denuncia-amenazas-en-su-contra\/","title":{"rendered":"Carolina Jaramillo denuncia amenazas en su contra"},"content":{"rendered":"<p>La vocera del Gobierno, Carolina Jaramillo, denunci\u00f3 haber recibido una amenaza a trav\u00e9s de un mensaje, enviado por X, que inclu\u00eda una advertencia para que no hablara m\u00e1s del caso que se est\u00e1 llevando ocntra diario Expreso y una fotograf\u00eda del lugar donde reside, lo que ella calific\u00f3 de \u00abgrav\u00edsimo\u00bb.<\/p>\n<p>El m,ensaje lo hizo p\u00fablico en su propio perfil de X y Jaramillo anunci\u00f3 que presentar\u00e1 una denuncia formal ante la justicia y se\u00f1al\u00f3 que, aunque entiende los riesgos de su cargo, este tipo de intimidaciones que involucran a su familia sobrepasan cualquier l\u00edmite. La investigaci\u00f3n en cuesti\u00f3n fue iniciada por el SRI el 10 de septiembre de 2025 y apunta a distribuidores de ejemplares impresos donde se se\u00f1ala al medio de presunto fraude tributario.<\/p>\n<p>\u00abEsa amenaza no ser\u00eda tan seria si no adjuntara una foto del sitio donde vivo\u2026 el que me hayan enviado un mensaje directo, se\u00f1alando una situaci\u00f3n personal, como es la vida de mis hijos, con una foto del sitio donde vivo, pero adem\u00e1s se\u00f1al\u00e1ndome que no siga hablando de este caso, es grav\u00edsimo\u00bb, agreg\u00f3 la funcionaria.<\/p>\n<p>Luego, Jaramillo expres\u00f3: \u00abNo voy a dejar de hablar del caso. Esto es una clara amenaza a mi vida y la de mi hija. Env\u00edan una foto de donde vivo y no me cabe duda de que esperan mi silencio, se equivocan. Presentar\u00e9 la denuncia y hablar\u00e9 del caso. El temor no me detiene \u00a1Ustedes son los cobardes!\u00bb (I)<\/p>\n","protected":false},"excerpt":{"rendered":"<p>La vocera del Gobierno, Carolina Jaramillo, denunci\u00f3 haber recibido una amenaza a trav\u00e9s de un mensaje, enviado por X, que inclu\u00eda una advertencia para que no hablara m\u00e1s del caso que se est\u00e1 llevando ocntra diario Expreso y una fotograf\u00eda del lugar donde reside, lo que ella calific\u00f3 de \u00abgrav\u00edsimo\u00bb. El m,ensaje lo hizo p\u00fablico [&hellip;]<\/p>\n","protected":false},"author":1,"featured_media":16776,"comment_status":"open","ping_status":"open","sticky":false,"template":"","format":"standard","meta":{"footnotes":""},"categories":[12],"tags":[],"_links":{"self":[{"href":"https:\/\/infozamoraec.com\/index.php\/wp-json\/wp\/v2\/posts\/16774"}],"collection":[{"href":"https:\/\/infozamoraec.com\/index.php\/wp-json\/wp\/v2\/posts"}],"about":[{"href":"https:\/\/infozamoraec.com\/index.php\/wp-json\/wp\/v2\/types\/post"}],"author":[{"embeddable":true,"href":"https:\/\/infozamoraec.com\/index.php\/wp-json\/wp\/v2\/users\/1"}],"replies":[{"embeddable":true,"href":"https:\/\/infozamoraec.com\/index.php\/wp-json\/wp\/v2\/comments?post=16774"}],"version-history":[{"count":1,"href":"https:\/\/infozamoraec.com\/index.php\/wp-json\/wp\/v2\/posts\/16774\/revisions"}],"predecessor-version":[{"id":16777,"href":"https:\/\/infozamoraec.com\/index.php\/wp-json\/wp\/v2\/posts\/16774\/revisions\/16777"}],"wp:featuredmedia":[{"embeddable":true,"href":"https:\/\/infozamoraec.com\/index.php\/wp-json\/wp\/v2\/media\/16776"}],"wp:attachment":[{"href":"https:\/\/infozamoraec.com\/index.php\/wp-json\/wp\/v2\/media?parent=16774"}],"wp:term":[{"taxonomy":"category","embeddable":true,"href":"https:\/\/infozamoraec.com\/index.php\/wp-json\/wp\/v2\/categories?post=16774"},{"taxonomy":"post_tag","embeddable":true,"href":"https:\/\/infozamoraec.com\/index.php\/wp-json\/wp\/v2\/tags?post=16774"}],"curies":[{"name":"wp","href":"https:\/\/api.w.org\/{rel}","templated":true}]}}