{"id":16771,"date":"2025-10-28T01:45:20","date_gmt":"2025-10-28T01:45:20","guid":{"rendered":"https:\/\/infozamoraec.com\/?p=16771"},"modified":"2025-10-28T01:45:20","modified_gmt":"2025-10-28T01:45:20","slug":"zamora-se-suma-a-la-gran-vacunaton-protege-su-futuro-contra-la-tos-ferina","status":"publish","type":"post","link":"https:\/\/infozamoraec.com\/index.php\/2025\/10\/28\/zamora-se-suma-a-la-gran-vacunaton-protege-su-futuro-contra-la-tos-ferina\/","title":{"rendered":"Zamora se suma a la Gran Vacunat\u00f3n \u201c\u00a1Protege Su Futuro!\u201d contra la tos ferina"},"content":{"rendered":"<p data-start=\"85\" data-end=\"396\">\u00a0En el marco de la campa\u00f1a nacional <em data-start=\"148\" data-end=\"171\">\u201c\u00a1Protege Su Futuro!\u201d<\/em> impulsada por el Ministerio de Salud P\u00fablica (MSP), en d\u00edas recientes,\u00a0 el Hospital Julius Doepfner y el Distrito 19D01 desarrollaron una jornada de <strong data-start=\"301\" data-end=\"347\">Vacunat\u00f3n contra la tos ferina (pertussis)<\/strong>, dirigida especialmente a mujeres embarazadas.<\/p>\n<p data-start=\"398\" data-end=\"609\">La iniciativa busca proteger dos vidas con cada dosis aplicada: la de la madre y la de su beb\u00e9, fortaleciendo la inmunidad durante el embarazo y reduciendo los riesgos asociados a esta enfermedad respiratoria.<\/p>\n<p data-start=\"611\" data-end=\"895\">El Ministerio de Salud P\u00fablica destac\u00f3 que esta campa\u00f1a forma parte de las estrategias nacionales de <strong data-start=\"712\" data-end=\"760\">prevenci\u00f3n de enfermedades inmunoprevenibles<\/strong>, enfocadas en reducir la <strong data-start=\"786\" data-end=\"832\">morbilidad y mortalidad materna y neonatal<\/strong>, garantizando as\u00ed el bienestar de las familias ecuatorianas.<\/p>\n<p data-start=\"897\" data-end=\"1061\" data-is-last-node=\"\" data-is-only-node=\"\">Con estas acciones, el MSP reafirma su compromiso de acercar los servicios de salud a la poblaci\u00f3n y promover una cultura de vacunaci\u00f3n responsable en todo el pa\u00eds.<\/p>\n","protected":false},"excerpt":{"rendered":"<p>\u00a0En el marco de la campa\u00f1a nacional \u201c\u00a1Protege Su Futuro!\u201d impulsada por el Ministerio de Salud P\u00fablica (MSP), en d\u00edas recientes,\u00a0 el Hospital Julius Doepfner y el Distrito 19D01 desarrollaron una jornada de Vacunat\u00f3n contra la tos ferina (pertussis), dirigida especialmente a mujeres embarazadas. La iniciativa busca proteger dos vidas con cada dosis aplicada: la [&hellip;]<\/p>\n","protected":false},"author":1,"featured_media":16772,"comment_status":"open","ping_status":"open","sticky":false,"template":"","format":"standard","meta":{"footnotes":""},"categories":[9],"tags":[],"_links":{"self":[{"href":"https:\/\/infozamoraec.com\/index.php\/wp-json\/wp\/v2\/posts\/16771"}],"collection":[{"href":"https:\/\/infozamoraec.com\/index.php\/wp-json\/wp\/v2\/posts"}],"about":[{"href":"https:\/\/infozamoraec.com\/index.php\/wp-json\/wp\/v2\/types\/post"}],"author":[{"embeddable":true,"href":"https:\/\/infozamoraec.com\/index.php\/wp-json\/wp\/v2\/users\/1"}],"replies":[{"embeddable":true,"href":"https:\/\/infozamoraec.com\/index.php\/wp-json\/wp\/v2\/comments?post=16771"}],"version-history":[{"count":1,"href":"https:\/\/infozamoraec.com\/index.php\/wp-json\/wp\/v2\/posts\/16771\/revisions"}],"predecessor-version":[{"id":16773,"href":"https:\/\/infozamoraec.com\/index.php\/wp-json\/wp\/v2\/posts\/16771\/revisions\/16773"}],"wp:featuredmedia":[{"embeddable":true,"href":"https:\/\/infozamoraec.com\/index.php\/wp-json\/wp\/v2\/media\/16772"}],"wp:attachment":[{"href":"https:\/\/infozamoraec.com\/index.php\/wp-json\/wp\/v2\/media?parent=16771"}],"wp:term":[{"taxonomy":"category","embeddable":true,"href":"https:\/\/infozamoraec.com\/index.php\/wp-json\/wp\/v2\/categories?post=16771"},{"taxonomy":"post_tag","embeddable":true,"href":"https:\/\/infozamoraec.com\/index.php\/wp-json\/wp\/v2\/tags?post=16771"}],"curies":[{"name":"wp","href":"https:\/\/api.w.org\/{rel}","templated":true}]}}