{"id":16765,"date":"2025-10-28T01:27:05","date_gmt":"2025-10-28T01:27:05","guid":{"rendered":"https:\/\/infozamoraec.com\/?p=16765"},"modified":"2025-10-28T01:27:05","modified_gmt":"2025-10-28T01:27:05","slug":"palanda-resulto-con-el-mejor-lote-de-cafe-2025","status":"publish","type":"post","link":"https:\/\/infozamoraec.com\/index.php\/2025\/10\/28\/palanda-resulto-con-el-mejor-lote-de-cafe-2025\/","title":{"rendered":"Palanda result\u00f3 con el mejor lote de caf\u00e9 2025"},"content":{"rendered":"<p style=\"font-weight: 400;\">En el marco de la XIII edici\u00f3n de la Feria Bracamoros Coffee, desarrollado en Zumba, el joven productor Keimer Troya Jim\u00e9nez del barrio Irachi cant\u00f3n Palanda y perteneciente a la Asociaci\u00f3n APECAP, se convierte en el ganador del mejor lote de caf\u00e9 qui\u00e9n adem\u00e1s vendi\u00f3 su lote de caf\u00e9 a la marca\u00a0<strong>\u201cCaf\u00e9 Don Roberto\u201d,<\/strong>\u00a0de Vilcabamba, en un\u00a0<strong>$1.210<\/strong>\u00a0cada quintal. Su lote comprendi\u00f3 2.98 quintales en pergamino y 2.14 quintales exportables.<\/p>\n<p style=\"font-weight: 400;\"><strong>\u00a0<\/strong>Las variedades de este mejor lote de caf\u00e9 subastado tienen aroma a frutas rojas, floral caramelo durazno, sabor durazno, fresas maracuy\u00e1 waffer de naranja, acidez c\u00edtrica naranja limas, cuerpo cremoso residual dulce intenso duradero y es de la variedad T\u00edpica Mejorada Borb\u00f3n Sidra, estas caracter\u00edsticas le dieron un puntaje de 88.06 en taza.<\/p>\n<p style=\"font-weight: 400;\"><strong>\u00a0<\/strong>En el acto inaugural V\u00edctor Sarango, viceprefecto de la provincia resalt\u00f3 que,<strong>\u00a0\u201clos productores del caf\u00e9 son soldados sin uniforme, sin horario ni calendario, trabajan incansablemente por d\u00edas mejores para sus familias, por ello, este espacio no sea solo una vitrina, sino tambi\u00e9n sirva de apoyo en la comercializaci\u00f3n de sus derivados del caf\u00e9, como Gobierno Provincial siempre comprometidos a seguir apoyando al sector productivo\u201d.<\/strong><\/p>\n<p style=\"font-weight: 400;\"><strong>\u00a0<\/strong><strong>Resultados<\/strong><\/p>\n<p style=\"font-weight: 400;\"><strong>Mejores Fincas Cafetaleras<\/strong><\/p>\n<p style=\"font-weight: 400;\">* Mar\u00eda Carmen Paccha \u2013 Palanda; Jos\u00e9 Mayo \u2013 Las Pircas y Juan Abad \u2013 Rancho El Carmen, Chinchipe, primero, segundo y tercer lugar, respectivamente.<\/p>\n<p style=\"font-weight: 400;\">* Mejor Pr\u00e1ctica Ambiental, fincas TPL: Carmen Urrego \u2013 Chinchipe; Rosa \u00c1vila Torres \u2013 Palanda y Julia Angamarca \u2013 Palanda, ocuparon los tres primeros lugares.<\/p>\n<p style=\"font-weight: 400;\"><strong>\u00a0<\/strong><strong>Mayor Producci\u00f3n de Caf\u00e9<\/strong><\/p>\n<p style=\"font-weight: 400;\"><strong>*\u00a0<\/strong>Maura Pinta \u2013 Asociaci\u00f3n APECAP, con 126.49 quintales entregados y Gladys Mar\u00eda Jim\u00e9nez \u2013 Asociaci\u00f3n ACRIM, con 82.48 quintales entregados.<\/p>\n<p style=\"font-weight: 400;\"><strong>\u00a0<\/strong>Resaltar que los ganadores recibieron incentivos econ\u00f3micos por parte de la empresa p\u00fablica AGROPZACHIN de 800, 750 y 700, respectivamente.<\/p>\n<p style=\"font-weight: 400;\">Por su parte el presidente de la asociaci\u00f3n anfitriona ACRIM, Cristian Guevara dijo que llena de orgullo y empuja a seguir adelante en este trabajo incansable de m\u00e1s de 190 productores que confirman esta organizaci\u00f3n cafetalera.<\/p>\n<p style=\"font-weight: 400;\">M\u00e1s de 45 emprendimientos participaron de esta gran feria, mostrando la diversidad productiva de la provincia, con una destacada presencia de derivados del caf\u00e9 y productos de diferentes sectores, para su fortalecimiento se destinaron $ 20.000 entre incentivos y log\u00edstica, entre AGROPZACHIN E.P. y la Unidad de Turismo de la Prefectura de Zamora Chinchipe.<\/p>\n<p style=\"font-weight: 400;\"><strong>\u00a0<\/strong>Lisbeth Puzma de la marca de caf\u00e9 Taita Inti de la parroquia Chito-Chinchipe mencion\u00f3 que, cuando las autoridades de turno se involucran en favor de la producci\u00f3n todo fluye.<strong>\u00a0\u201cQuiero felicitar a la Prefectura y las dem\u00e1s instituciones por seguir adelante con este espacio cafetalero\u201d.<\/strong><\/p>\n<p style=\"font-weight: 400;\"><strong>\u00a0<\/strong><strong>Dato:<\/strong><\/p>\n<p style=\"font-weight: 400;\">Las empresas presentes en la subasta de los 10 mejores lotes de caf\u00e9 fueron: Carabela Coffee; Quima Coffee; Coffe Relieve, Roberto Rengel de Caf\u00e9 Don Roberto y AGROGORA.<\/p>\n","protected":false},"excerpt":{"rendered":"<p>En el marco de la XIII edici\u00f3n de la Feria Bracamoros Coffee, desarrollado en Zumba, el joven productor Keimer Troya Jim\u00e9nez del barrio Irachi cant\u00f3n Palanda y perteneciente a la Asociaci\u00f3n APECAP, se convierte en el ganador del mejor lote de caf\u00e9 qui\u00e9n adem\u00e1s vendi\u00f3 su lote de caf\u00e9 a la marca\u00a0\u201cCaf\u00e9 Don Roberto\u201d,\u00a0de Vilcabamba, [&hellip;]<\/p>\n","protected":false},"author":1,"featured_media":16766,"comment_status":"open","ping_status":"open","sticky":false,"template":"","format":"standard","meta":{"footnotes":""},"categories":[9],"tags":[],"_links":{"self":[{"href":"https:\/\/infozamoraec.com\/index.php\/wp-json\/wp\/v2\/posts\/16765"}],"collection":[{"href":"https:\/\/infozamoraec.com\/index.php\/wp-json\/wp\/v2\/posts"}],"about":[{"href":"https:\/\/infozamoraec.com\/index.php\/wp-json\/wp\/v2\/types\/post"}],"author":[{"embeddable":true,"href":"https:\/\/infozamoraec.com\/index.php\/wp-json\/wp\/v2\/users\/1"}],"replies":[{"embeddable":true,"href":"https:\/\/infozamoraec.com\/index.php\/wp-json\/wp\/v2\/comments?post=16765"}],"version-history":[{"count":2,"href":"https:\/\/infozamoraec.com\/index.php\/wp-json\/wp\/v2\/posts\/16765\/revisions"}],"predecessor-version":[{"id":16768,"href":"https:\/\/infozamoraec.com\/index.php\/wp-json\/wp\/v2\/posts\/16765\/revisions\/16768"}],"wp:featuredmedia":[{"embeddable":true,"href":"https:\/\/infozamoraec.com\/index.php\/wp-json\/wp\/v2\/media\/16766"}],"wp:attachment":[{"href":"https:\/\/infozamoraec.com\/index.php\/wp-json\/wp\/v2\/media?parent=16765"}],"wp:term":[{"taxonomy":"category","embeddable":true,"href":"https:\/\/infozamoraec.com\/index.php\/wp-json\/wp\/v2\/categories?post=16765"},{"taxonomy":"post_tag","embeddable":true,"href":"https:\/\/infozamoraec.com\/index.php\/wp-json\/wp\/v2\/tags?post=16765"}],"curies":[{"name":"wp","href":"https:\/\/api.w.org\/{rel}","templated":true}]}}