{"id":16761,"date":"2025-10-28T01:34:17","date_gmt":"2025-10-28T01:34:17","guid":{"rendered":"https:\/\/infozamoraec.com\/?p=16761"},"modified":"2025-10-28T01:34:17","modified_gmt":"2025-10-28T01:34:17","slug":"zamora-chinchipe-se-unio-a-la-campana-nacional-limpiemos-juntos-salvemos-vidas","status":"publish","type":"post","link":"https:\/\/infozamoraec.com\/index.php\/2025\/10\/28\/zamora-chinchipe-se-unio-a-la-campana-nacional-limpiemos-juntos-salvemos-vidas\/","title":{"rendered":"Zamora Chinchipe se uni\u00f3 a la campa\u00f1a nacional \u201cLimpiemos Juntos, Salvemos Vidas\u201d"},"content":{"rendered":"<p>Desde las orillas del r\u00edo Bombuscaro, el director zonal del Ministerio del Ambiente, Agua y Transici\u00f3n Ecol\u00f3gica, Ing. Byron Medina, encabez\u00f3 la jornada provincial de la campa\u00f1a nacional Limpieza de Playas y Cuerpos H\u00eddricos 2025, bajo el lema \u201cLimpiemos Juntos, Salvemos Vidas\u201d.<\/p>\n<p>La minga ambiental se desarroll\u00f3 simult\u00e1neamente en los cantones Palanda, Nangaritza, Yantzaza y Zamora, movilizando a m\u00e1s de 261 voluntarios comprometidos con el cuidado del entorno natural. Como resultado, se recorrieron 11,2 kil\u00f3metros de riberas y se recolectaron 109 kilogramos de desechos s\u00f3lidos, contribuyendo a la conservaci\u00f3n de los ecosistemas acu\u00e1ticos y la salud de las comunidades locales.<\/p>\n<p>La jornada cont\u00f3 con el apoyo de la Gobernaci\u00f3n de Zamora Chinchipe, los GAD municipales, Cuerpos de Bomberos, Ej\u00e9rcito Ecuatoriano, Polic\u00eda Nacional, instituciones educativas y la ciudadan\u00eda en general, en una demostraci\u00f3n de trabajo conjunto por el ambiente.<\/p>\n<p>Al cierre de la actividad, el director zonal Byron Medina destac\u00f3 que estas acciones reflejan la responsabilidad compartida frente al cuidado de la naturaleza: \u201cEstas acciones nos unen en una causa com\u00fan: proteger la vida\u201d, expres\u00f3.<\/p>\n<p>La jornada concluy\u00f3 con un llamado a mantener el compromiso ambiental y a seguir construyendo un Zamora Chinchipe m\u00e1s limpio y sostenible.<\/p>\n","protected":false},"excerpt":{"rendered":"<p>Desde las orillas del r\u00edo Bombuscaro, el director zonal del Ministerio del Ambiente, Agua y Transici\u00f3n Ecol\u00f3gica, Ing. Byron Medina, encabez\u00f3 la jornada provincial de la campa\u00f1a nacional Limpieza de Playas y Cuerpos H\u00eddricos 2025, bajo el lema \u201cLimpiemos Juntos, Salvemos Vidas\u201d. La minga ambiental se desarroll\u00f3 simult\u00e1neamente en los cantones Palanda, Nangaritza, Yantzaza y [&hellip;]<\/p>\n","protected":false},"author":1,"featured_media":16769,"comment_status":"open","ping_status":"open","sticky":false,"template":"","format":"standard","meta":{"footnotes":""},"categories":[9],"tags":[],"_links":{"self":[{"href":"https:\/\/infozamoraec.com\/index.php\/wp-json\/wp\/v2\/posts\/16761"}],"collection":[{"href":"https:\/\/infozamoraec.com\/index.php\/wp-json\/wp\/v2\/posts"}],"about":[{"href":"https:\/\/infozamoraec.com\/index.php\/wp-json\/wp\/v2\/types\/post"}],"author":[{"embeddable":true,"href":"https:\/\/infozamoraec.com\/index.php\/wp-json\/wp\/v2\/users\/1"}],"replies":[{"embeddable":true,"href":"https:\/\/infozamoraec.com\/index.php\/wp-json\/wp\/v2\/comments?post=16761"}],"version-history":[{"count":1,"href":"https:\/\/infozamoraec.com\/index.php\/wp-json\/wp\/v2\/posts\/16761\/revisions"}],"predecessor-version":[{"id":16770,"href":"https:\/\/infozamoraec.com\/index.php\/wp-json\/wp\/v2\/posts\/16761\/revisions\/16770"}],"wp:featuredmedia":[{"embeddable":true,"href":"https:\/\/infozamoraec.com\/index.php\/wp-json\/wp\/v2\/media\/16769"}],"wp:attachment":[{"href":"https:\/\/infozamoraec.com\/index.php\/wp-json\/wp\/v2\/media?parent=16761"}],"wp:term":[{"taxonomy":"category","embeddable":true,"href":"https:\/\/infozamoraec.com\/index.php\/wp-json\/wp\/v2\/categories?post=16761"},{"taxonomy":"post_tag","embeddable":true,"href":"https:\/\/infozamoraec.com\/index.php\/wp-json\/wp\/v2\/tags?post=16761"}],"curies":[{"name":"wp","href":"https:\/\/api.w.org\/{rel}","templated":true}]}}