{"id":16755,"date":"2025-10-25T02:06:34","date_gmt":"2025-10-25T02:06:34","guid":{"rendered":"https:\/\/infozamoraec.com\/?p=16755"},"modified":"2025-10-25T02:06:34","modified_gmt":"2025-10-25T02:06:34","slug":"mexico-reporta-10-nacionales-muertos-en-custodia-del-ice","status":"publish","type":"post","link":"https:\/\/infozamoraec.com\/index.php\/2025\/10\/25\/mexico-reporta-10-nacionales-muertos-en-custodia-del-ice\/","title":{"rendered":"M\u00e9xico reporta 10 nacionales muertos en custodia del ICE"},"content":{"rendered":"<p>La Secretar\u00eda de Relaciones Exteriores (SRE) de\u00a0<a class=\"internal-link\" href=\"https:\/\/www.dw.com\/es\/m%C3%A9xico\/t-17409380\" target=\"_blank\" rel=\"noopener\">M\u00e9xico<\/a>\u00a0inform\u00f3 este viernes (24.10.2025) que diez mexicanos han fallecido durante operativos migratorios o bajo custodia del Servicio de Inmigraci\u00f3n y Control de Aduanas de\u00a0<a class=\"internal-link\" href=\"https:\/\/www.dw.com\/es\/estados-unidos\/t-17411942\" target=\"_blank\" rel=\"noopener\">EE.UU.<\/a>\u00a0(ICE, en ingl\u00e9s), durante el segundo mandato del presidente estadounidense,\u00a0<a class=\"internal-link\" href=\"https:\/\/www.dw.com\/es\/trump-donald\/t-19445010\" target=\"_blank\" rel=\"noopener\">Donald Trump<\/a>.<\/p>\n<p>El subsecretario para Am\u00e9rica del Norte de la SRE, Roberto Velasco, detall\u00f3 en conferencia de prensa que del 20 de enero al 23 de octubre se han registrado diez muertes de mexicanos en acciones a cargo de ICE.<\/p>\n<p>El registro del Gobierno mexicano incluye el caso de un nacional que falleci\u00f3 la madrugada de este viernes, en San Bernardino, California, con cuya hija ya se estableci\u00f3 comunicaci\u00f3n, apunt\u00f3 Velasco.<\/p>\n<p>El funcionario afirm\u00f3 que M\u00e9xico ha expresado su \u00abindignaci\u00f3n y preocupaci\u00f3n\u00bb al gobierno de EE.UU. por estos diez casos, a los cuales se les da seguimiento \u00abpuntual\u00bb por instrucciones de la presidenta mexicana, Claudia Sheinbaum.<\/p>\n<h2>Trece notas diplom\u00e1ticas<\/h2>\n<p>\u00abEnviamos en cada caso notas verbales a la embajada de Estados Unidos en M\u00e9xico, en las que hemos solicitado que haya investigaciones transparentes, exhaustivas. Exigimos obviamente que se llegue al fondo de las causas que ocasionaron estos muy sensibles decesos\u00bb, explic\u00f3.<\/p>\n<p>Velasco agreg\u00f3 que desde que inici\u00f3 el Gobierno de Trump, en enero, se tiene conocimiento de 169 redadas realizadas por ICE, donde 2.382 mexicanos fueron detenidos.<\/p>\n<p>Por su parte, el canciller Juan Ram\u00f3n de la Fuente indic\u00f3 que el Gobierno mexicano ha enviado trece notas diplom\u00e1ticas a EE.UU., donde ha expresado estar en desacuerdo con las medidas y el trato con las personas migrantes.<\/p>\n<p>\u00abEstamos defendiendo a nuestros connacionales, defendemos sus derechos. No estamos de acuerdo con algunas de las acciones que se han estado emprendiendo\u00bb, se\u00f1al\u00f3.<\/p>\n<p>De la Fuente expuso adem\u00e1s que del 20 de enero a la fecha se tiene el registro de 116.320 migrantes repatriados a M\u00e9xico, de los cuales 93.153 recibieron asistencia consular.<\/p>\n<p>mg (efe, El Universal)<\/p>\n","protected":false},"excerpt":{"rendered":"<p>La Secretar\u00eda de Relaciones Exteriores (SRE) de\u00a0M\u00e9xico\u00a0inform\u00f3 este viernes (24.10.2025) que diez mexicanos han fallecido durante operativos migratorios o bajo custodia del Servicio de Inmigraci\u00f3n y Control de Aduanas de\u00a0EE.UU.\u00a0(ICE, en ingl\u00e9s), durante el segundo mandato del presidente estadounidense,\u00a0Donald Trump. El subsecretario para Am\u00e9rica del Norte de la SRE, Roberto Velasco, detall\u00f3 en conferencia de [&hellip;]<\/p>\n","protected":false},"author":1,"featured_media":16757,"comment_status":"open","ping_status":"open","sticky":false,"template":"","format":"standard","meta":{"footnotes":""},"categories":[8],"tags":[],"_links":{"self":[{"href":"https:\/\/infozamoraec.com\/index.php\/wp-json\/wp\/v2\/posts\/16755"}],"collection":[{"href":"https:\/\/infozamoraec.com\/index.php\/wp-json\/wp\/v2\/posts"}],"about":[{"href":"https:\/\/infozamoraec.com\/index.php\/wp-json\/wp\/v2\/types\/post"}],"author":[{"embeddable":true,"href":"https:\/\/infozamoraec.com\/index.php\/wp-json\/wp\/v2\/users\/1"}],"replies":[{"embeddable":true,"href":"https:\/\/infozamoraec.com\/index.php\/wp-json\/wp\/v2\/comments?post=16755"}],"version-history":[{"count":1,"href":"https:\/\/infozamoraec.com\/index.php\/wp-json\/wp\/v2\/posts\/16755\/revisions"}],"predecessor-version":[{"id":16758,"href":"https:\/\/infozamoraec.com\/index.php\/wp-json\/wp\/v2\/posts\/16755\/revisions\/16758"}],"wp:featuredmedia":[{"embeddable":true,"href":"https:\/\/infozamoraec.com\/index.php\/wp-json\/wp\/v2\/media\/16757"}],"wp:attachment":[{"href":"https:\/\/infozamoraec.com\/index.php\/wp-json\/wp\/v2\/media?parent=16755"}],"wp:term":[{"taxonomy":"category","embeddable":true,"href":"https:\/\/infozamoraec.com\/index.php\/wp-json\/wp\/v2\/categories?post=16755"},{"taxonomy":"post_tag","embeddable":true,"href":"https:\/\/infozamoraec.com\/index.php\/wp-json\/wp\/v2\/tags?post=16755"}],"curies":[{"name":"wp","href":"https:\/\/api.w.org\/{rel}","templated":true}]}}