{"id":16750,"date":"2025-10-25T02:04:57","date_gmt":"2025-10-25T02:04:57","guid":{"rendered":"https:\/\/infozamoraec.com\/?p=16750"},"modified":"2025-10-25T02:04:57","modified_gmt":"2025-10-25T02:04:57","slug":"la-alba-suspende-al-futuro-gobierno-de-bolivia","status":"publish","type":"post","link":"https:\/\/infozamoraec.com\/index.php\/2025\/10\/25\/la-alba-suspende-al-futuro-gobierno-de-bolivia\/","title":{"rendered":"La ALBA \u00absuspende\u00bb al futuro gobierno de Bolivia"},"content":{"rendered":"<p>La Alianza Bolivariana para los Pueblos de Nuestra Am\u00e9rica (ALBA) inform\u00f3 este viernes (24.10.2025) que suspendi\u00f3 al Gobierno entrante de Bolivia, que asumir\u00e1 en noviembre Rodrigo Paz, por su conducta \u00abproimperialista y colonialista\u00bb.<\/p>\n<p>En un comunicado, compartido por el canal estatal Venezolana de Televisi\u00f3n, la ALBA consider\u00f3 como \u00abinaceptables\u00bb las declaraciones contra Cuba, Venezuela y Nicaragua, por parte del Gobierno \u00abultraderechista\u00bb, en referencia a Paz.<\/p>\n<p>\u00abEsta suspensi\u00f3n no afecta los v\u00ednculos permanentes, afectivos y solidarios que mantenemos con el pueblo boliviano, con el cual seguiremos trabajando y acompa\u00f1ando en su desarrollo y bienestar\u00bb, precis\u00f3 la alianza, conformada por Venezuela, Cuba, Nicaragua, Dominica, Antigua y Barbuda, San Vicente y las Granadinas, San Crist\u00f3bal y Nieves, Granada, Santa Luc\u00eda y Bolivia, ahora suspendida.<\/p>\n<p>En 2006, Bolivia se convirti\u00f3 en el tercer Estado-miembro en ingresar a la ALBA, fundada en 2004 por los entonces presidentes de Venezuela y Cuba, Hugo Ch\u00e1vez y Fidel Castro, respectivamente.<\/p>\n<p>Paz rechaza relaciones con pa\u00edses \u00abque no tienen democracia\u00bb<br \/>\nRecientemente, el centrista Rodrigo Paz Pereira, ganador de la segunda vuelta presidencial en Bolivia, afirm\u00f3 en una entrevista con EFE en La Paz que su Gobierno establecer\u00e1 relaciones internacionales con pa\u00edses que \u00abtengan la democracia como principio\u00bb.<\/p>\n<p>El pol\u00edtico subray\u00f3 que no le interesa tener esa relaci\u00f3n con aquellos pa\u00edses \u00abque no tienen democracia\u00bb e indic\u00f3 que, aunque respeta \u00ablas relaciones que se han generado diplom\u00e1ticamente en el tiempo\u00bb, es \u00abla democracia una relaci\u00f3n de fondo\u00bb.<\/p>\n<p>Es el caso de Venezuela y el Gobierno de Nicol\u00e1s Maduro, con el que la Administraci\u00f3n del actual presidente de Bolivia, Luis Arce, ha mantenido una relaci\u00f3n estrecha como lo hizo en su momento el expresidente y exl\u00edder del oficialismo Evo Morales (2006-2019).<\/p>\n<p>Paz indic\u00f3 que \u00abhay una representaci\u00f3n diplom\u00e1tica\u00bb de Venezuela en Bolivia, pero que no comparte \u00abla modalidad democr\u00e1tica que dicen\u00bb tener en el pa\u00eds caribe\u00f1o.<\/p>\n<p>Tambi\u00e9n ratific\u00f3 su voluntad de \u00abretomar las relaciones con Estados Unidos\u00bb, que se mantienen a nivel de encargados de Negocios desde que en 2008 Evo Morales expuls\u00f3 del pa\u00eds al entonces embajador estadounidense, Philip Goldberg, acus\u00e1ndolo de una supuesta conspiraci\u00f3n contra su Gobierno, algo que la Casa Blanca siempre neg\u00f3.<\/p>\n<p>jc (efe, La Prensa, Urgente)<\/p>\n","protected":false},"excerpt":{"rendered":"<p>La Alianza Bolivariana para los Pueblos de Nuestra Am\u00e9rica (ALBA) inform\u00f3 este viernes (24.10.2025) que suspendi\u00f3 al Gobierno entrante de Bolivia, que asumir\u00e1 en noviembre Rodrigo Paz, por su conducta \u00abproimperialista y colonialista\u00bb. En un comunicado, compartido por el canal estatal Venezolana de Televisi\u00f3n, la ALBA consider\u00f3 como \u00abinaceptables\u00bb las declaraciones contra Cuba, Venezuela y [&hellip;]<\/p>\n","protected":false},"author":1,"featured_media":16753,"comment_status":"open","ping_status":"open","sticky":false,"template":"","format":"standard","meta":{"footnotes":""},"categories":[8],"tags":[],"_links":{"self":[{"href":"https:\/\/infozamoraec.com\/index.php\/wp-json\/wp\/v2\/posts\/16750"}],"collection":[{"href":"https:\/\/infozamoraec.com\/index.php\/wp-json\/wp\/v2\/posts"}],"about":[{"href":"https:\/\/infozamoraec.com\/index.php\/wp-json\/wp\/v2\/types\/post"}],"author":[{"embeddable":true,"href":"https:\/\/infozamoraec.com\/index.php\/wp-json\/wp\/v2\/users\/1"}],"replies":[{"embeddable":true,"href":"https:\/\/infozamoraec.com\/index.php\/wp-json\/wp\/v2\/comments?post=16750"}],"version-history":[{"count":1,"href":"https:\/\/infozamoraec.com\/index.php\/wp-json\/wp\/v2\/posts\/16750\/revisions"}],"predecessor-version":[{"id":16754,"href":"https:\/\/infozamoraec.com\/index.php\/wp-json\/wp\/v2\/posts\/16750\/revisions\/16754"}],"wp:featuredmedia":[{"embeddable":true,"href":"https:\/\/infozamoraec.com\/index.php\/wp-json\/wp\/v2\/media\/16753"}],"wp:attachment":[{"href":"https:\/\/infozamoraec.com\/index.php\/wp-json\/wp\/v2\/media?parent=16750"}],"wp:term":[{"taxonomy":"category","embeddable":true,"href":"https:\/\/infozamoraec.com\/index.php\/wp-json\/wp\/v2\/categories?post=16750"},{"taxonomy":"post_tag","embeddable":true,"href":"https:\/\/infozamoraec.com\/index.php\/wp-json\/wp\/v2\/tags?post=16750"}],"curies":[{"name":"wp","href":"https:\/\/api.w.org\/{rel}","templated":true}]}}