{"id":16747,"date":"2025-10-25T02:01:37","date_gmt":"2025-10-25T02:01:37","guid":{"rendered":"https:\/\/infozamoraec.com\/?p=16747"},"modified":"2025-10-25T02:01:37","modified_gmt":"2025-10-25T02:01:37","slug":"pago-adelantado-del-decimotercer-sueldo-16-empresas-del-sector-privado-se-suman","status":"publish","type":"post","link":"https:\/\/infozamoraec.com\/index.php\/2025\/10\/25\/pago-adelantado-del-decimotercer-sueldo-16-empresas-del-sector-privado-se-suman\/","title":{"rendered":"Pago adelantado del decimotercer sueldo: 16 empresas del sector privado se suman"},"content":{"rendered":"<p>Hasta ahora son 16 las empresas que se han acogido a la propuesta del Gobierno de pagar por adelantado el decimotercer sueldo el pr\u00f3ximo 14 de noviembre.<\/p>\n<p>La respuesta de las compa\u00f1\u00edas a la iniciativa del presidente Daniel Noboa empez\u00f3 esta semana.<\/p>\n<p>Este mi\u00e9rcoles, 22 de octubre, la ministra del Trabajo, Ivonne N\u00fa\u00f1ez, inform\u00f3 que Cervecer\u00eda Nacional es la primera que se suma. Luego de ello, la lista se ha ido actualizando.<\/p>\n<p>Ministra de Trabajo anunci\u00f3 que Cervecer\u00eda Nacional pagar\u00e1 el decimotercer sueldo en noviembre<\/p>\n<p>Entre las 16 est\u00e1n bancos, grupos empresariales y otras compa\u00f1\u00edas dedicadas a diferentes actividades en los sectores productivos.<\/p>\n<p>Estas son las empresas que pagar\u00e1n por adelantado la bonificaci\u00f3n:<\/p>\n<p>Cervecer\u00eda Nacional<\/p>\n<p>Grupo Eljuri<\/p>\n<p>Banco de la Producci\u00f3n (Produbanco)<\/p>\n<p>Banco del Pac\u00edfico<\/p>\n<p>Contecon, concesionaria del puerto mar\u00edtimo Sim\u00f3n Bol\u00edvar de Guayaquil<\/p>\n<p>Eclipsoft<\/p>\n<p>Graiman<\/p>\n<p>Exportadora Santa Priscila<\/p>\n<p>Grupo Ortiz<\/p>\n<p>Omnilife del Ecuador<\/p>\n<p>Cartopel<\/p>\n<p>Hormipisos<\/p>\n<p>Banco Amazonas<\/p>\n<p>Banco Bolivariano<\/p>\n<p>Nintanga<\/p>\n<p>Coca Cola, empresa de Arca Continental<\/p>\n<p>El gerente general de Eclipsoft, Jos\u00e9 Caballero, detall\u00f3 que la empresa se suma a la iniciativa del Gobierno nacional para dinamizar la econom\u00eda del pa\u00eds mediante el pago anticipado del decimotercer sueldo a sus colaboradores el pr\u00f3ximo 14 de noviembre.<\/p>\n<p>El Ejecutivo anunci\u00f3 el pasado 5 de octubre que en el sector p\u00fablico se pagar\u00e1 por adelantado esta bonificaci\u00f3n, que por ley se lo realiza hasta el 24 de diciembre de cada a\u00f1o.<\/p>\n<p>Agreg\u00f3 que esta disposici\u00f3n se da para fomentar la econom\u00eda y que los hogares tengan m\u00e1s dinero para la \u00e9poca del Black Friday y el Cyber Monday. Adem\u00e1s, invit\u00f3 a las empresas privadas a que se sumen a esta propuesta.<\/p>\n<p>Para esta semana, el Ejecutivo pidi\u00f3 a los bancos que tambi\u00e9n se acojan a la iniciativa, puesto que han registrado \u201csu mejor a\u00f1o de la historia\u201d.<\/p>\n","protected":false},"excerpt":{"rendered":"<p>Hasta ahora son 16 las empresas que se han acogido a la propuesta del Gobierno de pagar por adelantado el decimotercer sueldo el pr\u00f3ximo 14 de noviembre. La respuesta de las compa\u00f1\u00edas a la iniciativa del presidente Daniel Noboa empez\u00f3 esta semana. Este mi\u00e9rcoles, 22 de octubre, la ministra del Trabajo, Ivonne N\u00fa\u00f1ez, inform\u00f3 que [&hellip;]<\/p>\n","protected":false},"author":1,"featured_media":16748,"comment_status":"open","ping_status":"open","sticky":false,"template":"","format":"standard","meta":{"footnotes":""},"categories":[12],"tags":[],"_links":{"self":[{"href":"https:\/\/infozamoraec.com\/index.php\/wp-json\/wp\/v2\/posts\/16747"}],"collection":[{"href":"https:\/\/infozamoraec.com\/index.php\/wp-json\/wp\/v2\/posts"}],"about":[{"href":"https:\/\/infozamoraec.com\/index.php\/wp-json\/wp\/v2\/types\/post"}],"author":[{"embeddable":true,"href":"https:\/\/infozamoraec.com\/index.php\/wp-json\/wp\/v2\/users\/1"}],"replies":[{"embeddable":true,"href":"https:\/\/infozamoraec.com\/index.php\/wp-json\/wp\/v2\/comments?post=16747"}],"version-history":[{"count":1,"href":"https:\/\/infozamoraec.com\/index.php\/wp-json\/wp\/v2\/posts\/16747\/revisions"}],"predecessor-version":[{"id":16749,"href":"https:\/\/infozamoraec.com\/index.php\/wp-json\/wp\/v2\/posts\/16747\/revisions\/16749"}],"wp:featuredmedia":[{"embeddable":true,"href":"https:\/\/infozamoraec.com\/index.php\/wp-json\/wp\/v2\/media\/16748"}],"wp:attachment":[{"href":"https:\/\/infozamoraec.com\/index.php\/wp-json\/wp\/v2\/media?parent=16747"}],"wp:term":[{"taxonomy":"category","embeddable":true,"href":"https:\/\/infozamoraec.com\/index.php\/wp-json\/wp\/v2\/categories?post=16747"},{"taxonomy":"post_tag","embeddable":true,"href":"https:\/\/infozamoraec.com\/index.php\/wp-json\/wp\/v2\/tags?post=16747"}],"curies":[{"name":"wp","href":"https:\/\/api.w.org\/{rel}","templated":true}]}}