{"id":16746,"date":"2025-10-25T02:02:45","date_gmt":"2025-10-25T02:02:45","guid":{"rendered":"https:\/\/infozamoraec.com\/?p=16746"},"modified":"2025-10-25T02:02:45","modified_gmt":"2025-10-25T02:02:45","slug":"iess-y-msp-se-unen-para-brindar-atencion-medica-y-tramites-sin-cita-previa","status":"publish","type":"post","link":"https:\/\/infozamoraec.com\/index.php\/2025\/10\/25\/iess-y-msp-se-unen-para-brindar-atencion-medica-y-tramites-sin-cita-previa\/","title":{"rendered":"IESS y MSP se unen para brindar atenci\u00f3n m\u00e9dica y tr\u00e1mites sin cita previa"},"content":{"rendered":"<p>Este s\u00e1bado, las familias machale\u00f1as tendr\u00e1n la oportunidad de acceder a atenci\u00f3n m\u00e9dica inmediata sin necesidad de agendar cita. El Instituto Ecuatoriano de Seguridad Social (IESS) y el Ministerio de Salud P\u00fablica (MSP) unen esfuerzos en una brigada que combina servicio y orientaci\u00f3n para la comunidad.<\/p>\n<p>Se trata de la primera Brigada Social Integral que ambas instituciones desarrollan en Machala para facilitar el acceso ciudadano a servicios m\u00e9dicos y sociales. La jornada se llevar\u00e1 a cabo en el Parque Col\u00f3n, frente al Hospital Te\u00f3filo D\u00e1vila, este s\u00e1bado 25 de octubre de 8:00 a 17:00.<\/p>\n<p>Durante el evento, profesionales del Hospital General Machala, junto al Ministerio de Salud P\u00fablica brindar\u00e1n consultas en medicina general y pediatr\u00eda y odontolog\u00eda, adem\u00e1s, servicios b\u00e1sicos de control y prevenci\u00f3n como medici\u00f3n de presi\u00f3n arterial, medici\u00f3n de az\u00facar en sangre, vacunaci\u00f3n y evaluaci\u00f3n nutricional.<\/p>\n<p>La jornada est\u00e1 dirigida a toda la comunidad, sin importar si est\u00e1n o no afiliados. Los afiliados al IESS ser\u00e1n atendidos por m\u00e9dicos generales y pediatras del Hospital General Machala, mientras que los no afiliados recibir\u00e1n atenci\u00f3n del personal del MSP.<\/p>\n<p>Cada consulta se realizar\u00e1 con el mismo rigor t\u00e9cnico y protocolo que en un establecimiento de salud: los pacientes pasar\u00e1n por la toma de signos vitales antes de la atenci\u00f3n, podr\u00e1n recibir \u00f3rdenes de ex\u00e1menes o recetas para retirar o realizarse en el Hospital o en las unidades del Ministerio de Salud, seg\u00fan corresponda. Toda la informaci\u00f3n ser\u00e1 registrada en su historia cl\u00ednica garantizando un seguimiento integral.<\/p>\n<p>La jornada no solo se enfoca en la atenci\u00f3n m\u00e9dica. La brigada tambi\u00e9n contar\u00e1 con espacios donde los ciudadanos podr\u00e1n resolver dudas sobre la afiliaci\u00f3n al IESS, conocer los beneficios del Seguro Social e informarse sobre soluciones financieras del BIESS. Todo, en un solo lugar, sin tr\u00e1mites complicados ni citas previas.<\/p>\n<p>\u00abQueremos que nadie se quede sin recibir atenci\u00f3n, que la gente pueda resolver temas m\u00e9dicos y sociales en un solo lugar sin tener que agendar ni desplazarse a distintos lugares\u00bb, enfatiz\u00f3 Kristel Rojas, gerenta del Hospital General Machala del IESS.<\/p>\n","protected":false},"excerpt":{"rendered":"<p>Este s\u00e1bado, las familias machale\u00f1as tendr\u00e1n la oportunidad de acceder a atenci\u00f3n m\u00e9dica inmediata sin necesidad de agendar cita. El Instituto Ecuatoriano de Seguridad Social (IESS) y el Ministerio de Salud P\u00fablica (MSP) unen esfuerzos en una brigada que combina servicio y orientaci\u00f3n para la comunidad. Se trata de la primera Brigada Social Integral que [&hellip;]<\/p>\n","protected":false},"author":1,"featured_media":16751,"comment_status":"open","ping_status":"open","sticky":false,"template":"","format":"standard","meta":{"footnotes":""},"categories":[12],"tags":[],"_links":{"self":[{"href":"https:\/\/infozamoraec.com\/index.php\/wp-json\/wp\/v2\/posts\/16746"}],"collection":[{"href":"https:\/\/infozamoraec.com\/index.php\/wp-json\/wp\/v2\/posts"}],"about":[{"href":"https:\/\/infozamoraec.com\/index.php\/wp-json\/wp\/v2\/types\/post"}],"author":[{"embeddable":true,"href":"https:\/\/infozamoraec.com\/index.php\/wp-json\/wp\/v2\/users\/1"}],"replies":[{"embeddable":true,"href":"https:\/\/infozamoraec.com\/index.php\/wp-json\/wp\/v2\/comments?post=16746"}],"version-history":[{"count":1,"href":"https:\/\/infozamoraec.com\/index.php\/wp-json\/wp\/v2\/posts\/16746\/revisions"}],"predecessor-version":[{"id":16752,"href":"https:\/\/infozamoraec.com\/index.php\/wp-json\/wp\/v2\/posts\/16746\/revisions\/16752"}],"wp:featuredmedia":[{"embeddable":true,"href":"https:\/\/infozamoraec.com\/index.php\/wp-json\/wp\/v2\/media\/16751"}],"wp:attachment":[{"href":"https:\/\/infozamoraec.com\/index.php\/wp-json\/wp\/v2\/media?parent=16746"}],"wp:term":[{"taxonomy":"category","embeddable":true,"href":"https:\/\/infozamoraec.com\/index.php\/wp-json\/wp\/v2\/categories?post=16746"},{"taxonomy":"post_tag","embeddable":true,"href":"https:\/\/infozamoraec.com\/index.php\/wp-json\/wp\/v2\/tags?post=16746"}],"curies":[{"name":"wp","href":"https:\/\/api.w.org\/{rel}","templated":true}]}}