{"id":16741,"date":"2025-10-25T01:59:41","date_gmt":"2025-10-25T01:59:41","guid":{"rendered":"https:\/\/infozamoraec.com\/?p=16741"},"modified":"2025-10-25T01:59:41","modified_gmt":"2025-10-25T01:59:41","slug":"asamblea-aprueba-la-ley-de-fortalecimiento-a-las-ff-aa","status":"publish","type":"post","link":"https:\/\/infozamoraec.com\/index.php\/2025\/10\/25\/asamblea-aprueba-la-ley-de-fortalecimiento-a-las-ff-aa\/","title":{"rendered":"Asamblea aprueba la Ley de Fortalecimiento a las FF.AA."},"content":{"rendered":"<p>El oficialismo logr\u00f3 aprobar con 82 votos afirmativos, el proyecto de Ley para el Fortalecimiento de las Fuerzas Armadas y Polic\u00eda Nacional, sexto proyectoo econ\u00f3mico urgente, remitido por el presidente de la Rep\u00fablica, Daniel Noboa Az\u00edn.<\/p>\n<p>La normativa permitir\u00e1 incentivos tributarios y de facilitaci\u00f3n de donaciones destinado exclusivamente al fortalecimiento de las fuerzas del orden, en el marco de sus atribuciones constitucionales de protecci\u00f3n interna, mantenimiento del orden p\u00fablico, seguridad ciudadana, defensa nacional y seguridad integral del Estado.<\/p>\n<p>La Ley aprobada permitir\u00e1 fortalecer las capacidades estrat\u00e9gicas y operacionales de las Fuerzas Armadas y la Polic\u00eda Nacional mediante la canalizaci\u00f3n de recursos complementarios a la inversi\u00f3n p\u00fablica, la promoci\u00f3n de la participaci\u00f3n del sector privado a trav\u00e9s de incentivos tributarios, y la creaci\u00f3n de un marco legal transparente para la recepci\u00f3n y rendici\u00f3n de cuentas de donaciones, destac\u00f3 la Asamblea Nacional.<\/p>\n<p>El asamble\u00edsta Diego Franco (ADN), presidente encargado de la Comisi\u00f3n de Desarrollo Econ\u00f3mico y ponente del informe, destac\u00f3 que este es un gran d\u00eda para fortalecer y respaldar a las fuerzas del orden, que durante a\u00f1os han sido injustamente criticadas pese a arriesgar su vida por la seguridad de todos los ecuatorianos.<\/p>\n<p>Subray\u00f3 que la ley busca dotar de recursos estrat\u00e9gicos a las fuerzas del orden, promover la corresponsabilidad del sector privado y atraer inversi\u00f3n, reduciendo el riesgo pa\u00eds. \u201cHoy es el momento de decidir si queremos un Estado que se arrodilla ante las mafias o un Estado que protege la vida de los ecuatorianos\u201d, enfatiz\u00f3.<\/p>\n<p>El debate<br \/>\nDurante el debate, intervinieron varios legisladores. Entre ellos, Christopher Jaramillo se\u00f1al\u00f3 que la inseguridad ha afectado la calidad de vida y la estabilidad social, por lo que esta ley constituye una medida estrat\u00e9gica para proteger al pa\u00eds. Mientras que, Maria Paula Villacreses resalt\u00f3 que la ley no solo protege la seguridad, sino tambi\u00e9n el futuro y la econom\u00eda del Ecuador.<\/p>\n<p>Sergio Pe\u00f1a, exRC recalc\u00f3 que los recursos destinados a estas instituciones llegar\u00e1n directamente, sin depender de la distribuci\u00f3n del Ejecutivo en la proforma presupuestaria anual. A su turno, Alex Mor\u00e1n critic\u00f3 pol\u00edticas pasadas que debilitaron la seguridad nacional y destac\u00f3 la necesidad de fortalecer a las fuerzas del orden frente al crimen organizado.<\/p>\n<p>No obstante, Franklin Samaniego del corre\u00edsmo, cuestion\u00f3 que, \u00abel Ejecutivo insista en enviar una sexta ley econ\u00f3mica urgente, advirtiendo que se repite el uso indebido de este mecanismo, recordando que la Corte Constitucional ya declar\u00f3 inconstitucional una norma similar por mezclar materias y vulnerar procedimientos\u00bb, dijo.<\/p>\n<p>Su coideario, Xavier Lasso (RC) advirti\u00f3 que la seguridad no puede depender de donaciones privadas, pues esto debilita la soberan\u00eda y sustituye al Estado por la caridad. En la misma l\u00ednea, Ronal Gonz\u00e1lez indic\u00f3 que el fortalecimiento de las fuerzas de seguridad debe garantizarse mediante una acci\u00f3n estatal s\u00f3lida y no por incentivos al sector privado.<\/p>\n<p>El proyecto aprobado ser\u00e1 remitido al Presidente de la Rep\u00fablica para su sanci\u00f3n u objeci\u00f3n, conforme a la Constituci\u00f3n y la Ley Org\u00e1nica de la Funci\u00f3n Legislativa. (I)<\/p>\n<p>&nbsp;<\/p>\n","protected":false},"excerpt":{"rendered":"<p>El oficialismo logr\u00f3 aprobar con 82 votos afirmativos, el proyecto de Ley para el Fortalecimiento de las Fuerzas Armadas y Polic\u00eda Nacional, sexto proyectoo econ\u00f3mico urgente, remitido por el presidente de la Rep\u00fablica, Daniel Noboa Az\u00edn. La normativa permitir\u00e1 incentivos tributarios y de facilitaci\u00f3n de donaciones destinado exclusivamente al fortalecimiento de las fuerzas del orden, [&hellip;]<\/p>\n","protected":false},"author":1,"featured_media":16744,"comment_status":"open","ping_status":"open","sticky":false,"template":"","format":"standard","meta":{"footnotes":""},"categories":[12],"tags":[],"_links":{"self":[{"href":"https:\/\/infozamoraec.com\/index.php\/wp-json\/wp\/v2\/posts\/16741"}],"collection":[{"href":"https:\/\/infozamoraec.com\/index.php\/wp-json\/wp\/v2\/posts"}],"about":[{"href":"https:\/\/infozamoraec.com\/index.php\/wp-json\/wp\/v2\/types\/post"}],"author":[{"embeddable":true,"href":"https:\/\/infozamoraec.com\/index.php\/wp-json\/wp\/v2\/users\/1"}],"replies":[{"embeddable":true,"href":"https:\/\/infozamoraec.com\/index.php\/wp-json\/wp\/v2\/comments?post=16741"}],"version-history":[{"count":1,"href":"https:\/\/infozamoraec.com\/index.php\/wp-json\/wp\/v2\/posts\/16741\/revisions"}],"predecessor-version":[{"id":16745,"href":"https:\/\/infozamoraec.com\/index.php\/wp-json\/wp\/v2\/posts\/16741\/revisions\/16745"}],"wp:featuredmedia":[{"embeddable":true,"href":"https:\/\/infozamoraec.com\/index.php\/wp-json\/wp\/v2\/media\/16744"}],"wp:attachment":[{"href":"https:\/\/infozamoraec.com\/index.php\/wp-json\/wp\/v2\/media?parent=16741"}],"wp:term":[{"taxonomy":"category","embeddable":true,"href":"https:\/\/infozamoraec.com\/index.php\/wp-json\/wp\/v2\/categories?post=16741"},{"taxonomy":"post_tag","embeddable":true,"href":"https:\/\/infozamoraec.com\/index.php\/wp-json\/wp\/v2\/tags?post=16741"}],"curies":[{"name":"wp","href":"https:\/\/api.w.org\/{rel}","templated":true}]}}