{"id":16736,"date":"2025-10-25T01:51:40","date_gmt":"2025-10-25T01:51:40","guid":{"rendered":"https:\/\/infozamoraec.com\/?p=16736"},"modified":"2025-10-25T01:51:40","modified_gmt":"2025-10-25T01:51:40","slug":"juez-ordena-libertad-para-los-doce-de-otavalo-y-se-los-prohibe-salir-del-pais","status":"publish","type":"post","link":"https:\/\/infozamoraec.com\/index.php\/2025\/10\/25\/juez-ordena-libertad-para-los-doce-de-otavalo-y-se-los-prohibe-salir-del-pais\/","title":{"rendered":"Juez ordena libertad para los \u00abDoce de Otavalo\u00bb y se los proh\u00edbe salir del pa\u00eds"},"content":{"rendered":"<p>La Justicia ecuatoriana dispuso medidas sustitutivas a la prisi\u00f3n preventiva para once de los doce procesados por terrorismo durante las protestas convocadas por la Confederaci\u00f3n de Nacionalidades Ind\u00edgenas (Conaie), que terminaron el pasado mi\u00e9rcoles tras un mes de bloqueos de v\u00edas concentrados en Imbabura, y que dejaron dos muertos y cerca de 300 heridos.<\/p>\n<p>\u00abLa Sala de segunda instancia ha aceptado los recursos de apelaci\u00f3n y declara que la jueza de primera instancia ha violado derechos colectivos y deber\u00e1 presentar un informe para evaluar posible manifiesta negligencia\u00ab, escribi\u00f3 este viernes en X Aguiles Hervas, el abogado que lider\u00f3 el di\u00e1logo intercultural en el caso.<\/p>\n<p>La Fundaci\u00f3n Regional de Asesor\u00eda en Derechos Humanos (Inredh), que acompa\u00f1a a las familias de los detenidos, anot\u00f3 que a\u00fan falta tramitar el caso de uno de ellos, pues su defensa no apel\u00f3 la prisi\u00f3n preventiva.<\/p>\n<p>Los conocidos como \u00ablos 12 de Otavalo\u00bb fueron detenidos el 22 de septiembre en el marco de las protestas que comenzaron en rechazo al alza del di\u00e9sel tras un ataque a una estaci\u00f3n de Polic\u00eda en esa ciudad de Imbabura en donde se quemaron diez veh\u00edculos.<\/p>\n<p>\u00abCelebramos la decisi\u00f3n de la sala de segunda instancia de otorgar medidas sustitutivas a 11 de los 13 compa\u00f1eros que fueron criminalizados en contexto de manifestaci\u00f3n social por delito de terrorismo\u00bb, indic\u00f3 la Inredh en un comunicado en referencia al caso en el que tambi\u00e9n fue detenida una mujer, quien no fue encarcelada.<\/p>\n<p>Inredh detall\u00f3 que el tribunal orden\u00f3 la emisi\u00f3n de las boletas de libertad para once procesados, quienes deber\u00e1n cumplir con restricciones especificas, entre ellas la prohibici\u00f3n de salir del pa\u00eds y la presentaci\u00f3n peri\u00f3dica ante la Fiscal\u00eda, mientras avanza la investigaci\u00f3n.<\/p>\n<p>\u00abCon esta resoluci\u00f3n, los procesados podr\u00e1n defenderse en libertad, en el marco del debido proceso y las garant\u00edas constitucionales, pues el juez reconoci\u00f3 que no hab\u00edan elementos suficientes para mantener una prisi\u00f3n preventiva\u00bb, abund\u00f3.<\/p>\n<p>Un mes de paro focalizado<br \/>\nLa Conaie convoc\u00f3 al paro con car\u00e1cter de nacional e indefinido, pero se centr\u00f3 en Imbabura y registr\u00f3 espor\u00e1dicas protestas en otras cinco de las 24 provincias de Ecuador.<\/p>\n<p>Las protestas comenzaron por el rechazo a la eliminaci\u00f3n del subsidio al di\u00e9sel, pero luego la Conaie incluy\u00f3 la exigencia de la bajada en tres puntos del Impuesto al Valor Agregado (IVA) hasta el 12 % y la liberaci\u00f3n de los detenidos durante las manifestaciones.<\/p>\n<p>Asimismo, la Conaie agreg\u00f3 en las protestas su rechazo a la consulta popular y refer\u00e9ndum del pr\u00f3ximo 16 de noviembre, en el que, entre otras cosas, se preguntar\u00e1 -por iniciativa del presidente Daniel Noboa- sobre la instalaci\u00f3n de una Asamblea Constituyente para redactar una nueva Constituci\u00f3n, lo que llev\u00f3 al Gobierno a se\u00f1alar a la protesta como \u00abpol\u00edtica\u00bb.<\/p>\n<p>El Gobierno mantuvo su decisi\u00f3n sobre el di\u00e9sel, decretada el 12 de septiembre, as\u00ed como el porcentaje del IVA definido el a\u00f1o pasado. EFE<\/p>\n","protected":false},"excerpt":{"rendered":"<p>La Justicia ecuatoriana dispuso medidas sustitutivas a la prisi\u00f3n preventiva para once de los doce procesados por terrorismo durante las protestas convocadas por la Confederaci\u00f3n de Nacionalidades Ind\u00edgenas (Conaie), que terminaron el pasado mi\u00e9rcoles tras un mes de bloqueos de v\u00edas concentrados en Imbabura, y que dejaron dos muertos y cerca de 300 heridos. \u00abLa [&hellip;]<\/p>\n","protected":false},"author":1,"featured_media":16742,"comment_status":"open","ping_status":"open","sticky":false,"template":"","format":"standard","meta":{"footnotes":""},"categories":[12],"tags":[],"_links":{"self":[{"href":"https:\/\/infozamoraec.com\/index.php\/wp-json\/wp\/v2\/posts\/16736"}],"collection":[{"href":"https:\/\/infozamoraec.com\/index.php\/wp-json\/wp\/v2\/posts"}],"about":[{"href":"https:\/\/infozamoraec.com\/index.php\/wp-json\/wp\/v2\/types\/post"}],"author":[{"embeddable":true,"href":"https:\/\/infozamoraec.com\/index.php\/wp-json\/wp\/v2\/users\/1"}],"replies":[{"embeddable":true,"href":"https:\/\/infozamoraec.com\/index.php\/wp-json\/wp\/v2\/comments?post=16736"}],"version-history":[{"count":1,"href":"https:\/\/infozamoraec.com\/index.php\/wp-json\/wp\/v2\/posts\/16736\/revisions"}],"predecessor-version":[{"id":16743,"href":"https:\/\/infozamoraec.com\/index.php\/wp-json\/wp\/v2\/posts\/16736\/revisions\/16743"}],"wp:featuredmedia":[{"embeddable":true,"href":"https:\/\/infozamoraec.com\/index.php\/wp-json\/wp\/v2\/media\/16742"}],"wp:attachment":[{"href":"https:\/\/infozamoraec.com\/index.php\/wp-json\/wp\/v2\/media?parent=16736"}],"wp:term":[{"taxonomy":"category","embeddable":true,"href":"https:\/\/infozamoraec.com\/index.php\/wp-json\/wp\/v2\/categories?post=16736"},{"taxonomy":"post_tag","embeddable":true,"href":"https:\/\/infozamoraec.com\/index.php\/wp-json\/wp\/v2\/tags?post=16736"}],"curies":[{"name":"wp","href":"https:\/\/api.w.org\/{rel}","templated":true}]}}