{"id":16723,"date":"2025-10-25T01:35:36","date_gmt":"2025-10-25T01:35:36","guid":{"rendered":"https:\/\/infozamoraec.com\/?p=16723"},"modified":"2025-10-25T01:35:36","modified_gmt":"2025-10-25T01:35:36","slug":"gad-zamora-impulsa-la-formacion-deportiva-con-la-apertura-de-la-escuela-municipal-de-arqueros","status":"publish","type":"post","link":"https:\/\/infozamoraec.com\/index.php\/2025\/10\/25\/gad-zamora-impulsa-la-formacion-deportiva-con-la-apertura-de-la-escuela-municipal-de-arqueros\/","title":{"rendered":"GAD Zamora impulsa la formaci\u00f3n deportiva con la apertura de la Escuela  Municipal de Arqueros"},"content":{"rendered":"<p data-start=\"97\" data-end=\"427\">\u00a0El Gobierno Aut\u00f3nomo Descentralizado Municipal de Zamora, liderado por el alcalde <strong data-start=\"207\" data-end=\"226\">Manuel Gonz\u00e1lez<\/strong>, inaugur\u00f3 oficialmente la <strong data-start=\"253\" data-end=\"286\">Escuela de Arqueros Municipal<\/strong>, un nuevo espacio destinado a potenciar el talento futbol\u00edstico infantil y a fortalecer la formaci\u00f3n integral de ni\u00f1os y ni\u00f1as del cant\u00f3n.<\/p>\n<p data-start=\"429\" data-end=\"699\">El evento se desarroll\u00f3 en el <strong data-start=\"459\" data-end=\"493\">Centro Recreacional Bombuscaro<\/strong>, con la presencia de autoridades municipales, deportistas, padres de familia y la ciudadan\u00eda, quienes compartieron una jornada marcada por el entusiasmo y el compromiso con el desarrollo deportivo local.<\/p>\n<p data-start=\"701\" data-end=\"1011\">En el acto participaron el alcalde Manuel Gonz\u00e1lez; los concejales <strong data-start=\"768\" data-end=\"787\">Wilmer Espinoza<\/strong> y <strong data-start=\"790\" data-end=\"808\">Franz Regalado<\/strong>; <strong data-start=\"810\" data-end=\"828\">Samuel Marines<\/strong>, coordinador de la Unidad de Deportes del GAD Municipal; promotores e instructores deportivos; adem\u00e1s de los primeros 30 estudiantes que conforman esta nueva escuela especializada.<\/p>\n<p data-start=\"1013\" data-end=\"1197\">Durante la inauguraci\u00f3n, las autoridades coincidieron en destacar la importancia de generar espacios que fomenten la actividad f\u00edsica, el aprendizaje deportivo y la sana convivencia.<\/p>\n<p data-start=\"1199\" data-end=\"1615\">El coordinador de la Unidad de Deportes, <strong data-start=\"1240\" data-end=\"1258\">Samuel Marines<\/strong>, resalt\u00f3 que la creaci\u00f3n de esta escuela forma parte de un plan integral que impulsa la masificaci\u00f3n del deporte en Zamora. \u201cAqu\u00ed los ni\u00f1os no solo aprender\u00e1n t\u00e9cnicas de f\u00fatbol, sino tambi\u00e9n valores como la disciplina, la perseverancia y el trabajo en equipo. Buscamos formar no solo deportistas, sino ciudadanos comprometidos con su comunidad\u201d, se\u00f1al\u00f3.<\/p>\n<p data-start=\"1617\" data-end=\"1919\">El concejal <strong data-start=\"1629\" data-end=\"1648\">Wilmer Espinoza<\/strong> destac\u00f3 que este proyecto representa una oportunidad para la juventud zamorana. \u201cCada ni\u00f1o que se coloca unos guantes de arquero tiene un sue\u00f1o, y nuestro deber es ofrecerle las herramientas para alcanzarlo. El deporte construye valores y une a las familias\u201d, expres\u00f3.<\/p>\n<p data-start=\"1921\" data-end=\"2210\">Por su parte, el promotor deportivo <strong data-start=\"1957\" data-end=\"1973\">Nixon Torres<\/strong> indic\u00f3 que la ense\u00f1anza se enfocar\u00e1 en la formaci\u00f3n t\u00e9cnica, emocional y val\u00f3rica de los j\u00f3venes deportistas. \u201cSer arquero no es solo detener un bal\u00f3n, es aprender a tomar decisiones, mantener la calma y confiar en uno mismo\u201d, afirm\u00f3.<\/p>\n<p data-start=\"2212\" data-end=\"2545\">Finalmente, el alcalde <strong data-start=\"2235\" data-end=\"2254\">Manuel Gonz\u00e1lez<\/strong> destac\u00f3 que el impulso al deporte es una prioridad de su administraci\u00f3n. \u201cQueremos brindar a nuestros ni\u00f1os oportunidades para crecer en un ambiente sano, lejos de los vicios y cerca de los valores. Con esta Escuela de Arqueros sembramos esperanza y disciplina en nuestra ni\u00f1ez\u201d, sostuvo.<\/p>\n<p data-start=\"2547\" data-end=\"2738\">Las inscripciones para la Escuela de Arqueros Municipal permanecen abiertas en la Unidad de Deportes del GAD Municipal, ubicada en el tercer piso de la Torre Dos del edificio institucional.<\/p>\n<p data-start=\"2740\" data-end=\"2994\" data-is-last-node=\"\" data-is-only-node=\"\">Con esta iniciativa, el <strong data-start=\"2764\" data-end=\"2787\">Municipio de Zamora<\/strong> reafirma su compromiso con la ni\u00f1ez, el deporte y la promoci\u00f3n de una vida saludable, fortaleciendo su red de escuelas deportivas que promueven el talento, la disciplina y el orgullo de pertenecer a Zamora.<\/p>\n","protected":false},"excerpt":{"rendered":"<p>\u00a0El Gobierno Aut\u00f3nomo Descentralizado Municipal de Zamora, liderado por el alcalde Manuel Gonz\u00e1lez, inaugur\u00f3 oficialmente la Escuela de Arqueros Municipal, un nuevo espacio destinado a potenciar el talento futbol\u00edstico infantil y a fortalecer la formaci\u00f3n integral de ni\u00f1os y ni\u00f1as del cant\u00f3n. El evento se desarroll\u00f3 en el Centro Recreacional Bombuscaro, con la presencia de [&hellip;]<\/p>\n","protected":false},"author":1,"featured_media":16725,"comment_status":"open","ping_status":"open","sticky":false,"template":"","format":"standard","meta":{"footnotes":""},"categories":[9],"tags":[],"_links":{"self":[{"href":"https:\/\/infozamoraec.com\/index.php\/wp-json\/wp\/v2\/posts\/16723"}],"collection":[{"href":"https:\/\/infozamoraec.com\/index.php\/wp-json\/wp\/v2\/posts"}],"about":[{"href":"https:\/\/infozamoraec.com\/index.php\/wp-json\/wp\/v2\/types\/post"}],"author":[{"embeddable":true,"href":"https:\/\/infozamoraec.com\/index.php\/wp-json\/wp\/v2\/users\/1"}],"replies":[{"embeddable":true,"href":"https:\/\/infozamoraec.com\/index.php\/wp-json\/wp\/v2\/comments?post=16723"}],"version-history":[{"count":2,"href":"https:\/\/infozamoraec.com\/index.php\/wp-json\/wp\/v2\/posts\/16723\/revisions"}],"predecessor-version":[{"id":16727,"href":"https:\/\/infozamoraec.com\/index.php\/wp-json\/wp\/v2\/posts\/16723\/revisions\/16727"}],"wp:featuredmedia":[{"embeddable":true,"href":"https:\/\/infozamoraec.com\/index.php\/wp-json\/wp\/v2\/media\/16725"}],"wp:attachment":[{"href":"https:\/\/infozamoraec.com\/index.php\/wp-json\/wp\/v2\/media?parent=16723"}],"wp:term":[{"taxonomy":"category","embeddable":true,"href":"https:\/\/infozamoraec.com\/index.php\/wp-json\/wp\/v2\/categories?post=16723"},{"taxonomy":"post_tag","embeddable":true,"href":"https:\/\/infozamoraec.com\/index.php\/wp-json\/wp\/v2\/tags?post=16723"}],"curies":[{"name":"wp","href":"https:\/\/api.w.org\/{rel}","templated":true}]}}