{"id":16715,"date":"2025-10-24T02:52:19","date_gmt":"2025-10-24T02:52:19","guid":{"rendered":"https:\/\/infozamoraec.com\/?p=16715"},"modified":"2025-10-24T02:52:19","modified_gmt":"2025-10-24T02:52:19","slug":"costa-rica-congreso-tramita-pedido-de-desafuero-a-chaves","status":"publish","type":"post","link":"https:\/\/infozamoraec.com\/index.php\/2025\/10\/24\/costa-rica-congreso-tramita-pedido-de-desafuero-a-chaves\/","title":{"rendered":"Costa Rica: Congreso tramita pedido de desafuero a Chaves"},"content":{"rendered":"<p>La Asamblea Legislativa de Costa Rica tramitar\u00e1 a partir de este mi\u00e9rcoles (22.10.2025) la segunda solicitud de desafuero contra el presidente del pa\u00eds Rodrigo Chaves, esta vez a petici\u00f3n del Tribunal Supremo de Elecciones (TSE) que le se\u00f1ala de beligerancia pol\u00edtica.<\/p>\n<p>El Legislativo conform\u00f3 este mi\u00e9rcoles la comisi\u00f3n de tres diputados que se encargar\u00e1 de analizar la solicitud del TSE y que en un plazo de al menos 20 d\u00edas deber\u00e1 rendir un informe al Plenario para que vote si levanta o no el fuero al mandatario.<\/p>\n<p>La comisi\u00f3n legislativa, que podr\u00e1 llamar a audiencia a las partes, qued\u00f3 integrada por el diputado del oficialista Partido Progreso Social Democr\u00e1tico, Daniel Vargas; y las legisladoras opositoras Alejandra Larios, del Partido Liberaci\u00f3n Nacional, y Roc\u00edo Alfaro, del Partido Frente Amplio.<\/p>\n<p>El pasado 7 de octubre, el TSE solicit\u00f3 a la Asamblea Legislativa tramitar el levantamiento del fuero al presidente por aparentemente haber incurrido en beligerancia pol\u00edtica durante actos oficiales a lo largo de los \u00faltimos meses, mientras el pa\u00eds se encamina a las elecciones del 1 de febrero de 2026.<\/p>\n<p>Chaves, quien terminar\u00e1 su mandato de 4 a\u00f1os el pr\u00f3ximo 8 de mayo, ya super\u00f3 en septiembre pasado un primer proceso de desafuero en el Congreso solicitado por la Fiscal\u00eda General por un caso de presunto manejo irregular de fondos.<\/p>\n<p>En la in\u00e9dita votaci\u00f3n por ese caso, 34 diputados se inclinaron por retirarle el fuero contra 21 que se manifestaron en contra, con lo cual no se alcanzaron los 38 votos (mayor\u00eda calificada) que se requer\u00edan para aprobar el desafuero.<\/p>\n<p>El caso de beligerancia pol\u00edtica<br \/>\nSeg\u00fan el TSE, en el expediente se agrupan 15 denuncias por beligerancia contra el presidente y que por el cargo que ostenta es necesario que la Asamblea Legislativa tramite el levantamiento de su inmunidad para avanzar en el proceso, que podr\u00eda acarrear sanciones para ejercer cargos p\u00fablicos en el futuro y hasta la destituci\u00f3n del cargo.<\/p>\n<p>En abril pasado el TSE amonest\u00f3 al presidente Chaves por presuntos actos de beligerancia pol\u00edtica que atentan contra el principio constitucional de imparcialidad de las autoridades gubernamentales en procesos de elecci\u00f3n popular.<\/p>\n<p>En Costa Rica, donde no hay reelecci\u00f3n consecutiva, diversos funcionarios, entre ellos el presidente y su gabinete, est\u00e1n imposibilitados de participar o ejercer influencia en las campa\u00f1as electorales, as\u00ed como de utilizar sus cargos para beneficiar o perjudicar a alg\u00fan partido pol\u00edtico, y participar en discusiones o actividades pol\u00edtico-electorales.<\/p>\n<p>El TSE defiende que la ley electoral costarricense le permite ordenar la destituci\u00f3n e imponer la inhabilitaci\u00f3n para ejercer cargos p\u00fablicos por un periodo de dos a cuatro a\u00f1os a los funcionarios cuando sus actos contravengan las prohibiciones en medio de actos proselitistas de campa\u00f1a.<\/p>\n<p>La Casa Presidencial y Chaves afirman que el TSE se est\u00e1 atribuyendo potestades que no le competen en la Constituci\u00f3n al solicitar el desafuero del mandatario para una eventual destituci\u00f3n.<\/p>\n<p>Chaves ha dicho que si prospera el desafuero en su contra, Costa Rica estar\u00eda viviendo un \u00abgolpe de Estado\u00bb, ha cuestionado la imparcialidad de los magistrados del TSE y ha acusado a la instituci\u00f3n de ponerle una \u00abmordaza\u00bb con la prohibici\u00f3n de divulgar logros gubernamentales en redes sociales y medios oficiales durante la campa\u00f1a.<\/p>\n<p>El Gobierno tiene prohibido, seg\u00fan la ley electoral, difundir mediante cualquier medio de comunicaci\u00f3n informaci\u00f3n publicitaria relativa a la gesti\u00f3n realizada.<\/p>\n<p>Costa Rica celebrar\u00e1 el 1 de febrero de 2026 las elecciones para elegir al presidente y los 57 diputados del Congreso para el periodo 2026-2030, proceso en el que se han inscrito 20 candidatos presidenciales.<\/p>\n<p>mg (efe, La Naci\u00f3n)<\/p>\n","protected":false},"excerpt":{"rendered":"<p>La Asamblea Legislativa de Costa Rica tramitar\u00e1 a partir de este mi\u00e9rcoles (22.10.2025) la segunda solicitud de desafuero contra el presidente del pa\u00eds Rodrigo Chaves, esta vez a petici\u00f3n del Tribunal Supremo de Elecciones (TSE) que le se\u00f1ala de beligerancia pol\u00edtica. El Legislativo conform\u00f3 este mi\u00e9rcoles la comisi\u00f3n de tres diputados que se encargar\u00e1 de [&hellip;]<\/p>\n","protected":false},"author":1,"featured_media":16716,"comment_status":"open","ping_status":"open","sticky":false,"template":"","format":"standard","meta":{"footnotes":""},"categories":[8],"tags":[],"_links":{"self":[{"href":"https:\/\/infozamoraec.com\/index.php\/wp-json\/wp\/v2\/posts\/16715"}],"collection":[{"href":"https:\/\/infozamoraec.com\/index.php\/wp-json\/wp\/v2\/posts"}],"about":[{"href":"https:\/\/infozamoraec.com\/index.php\/wp-json\/wp\/v2\/types\/post"}],"author":[{"embeddable":true,"href":"https:\/\/infozamoraec.com\/index.php\/wp-json\/wp\/v2\/users\/1"}],"replies":[{"embeddable":true,"href":"https:\/\/infozamoraec.com\/index.php\/wp-json\/wp\/v2\/comments?post=16715"}],"version-history":[{"count":1,"href":"https:\/\/infozamoraec.com\/index.php\/wp-json\/wp\/v2\/posts\/16715\/revisions"}],"predecessor-version":[{"id":16717,"href":"https:\/\/infozamoraec.com\/index.php\/wp-json\/wp\/v2\/posts\/16715\/revisions\/16717"}],"wp:featuredmedia":[{"embeddable":true,"href":"https:\/\/infozamoraec.com\/index.php\/wp-json\/wp\/v2\/media\/16716"}],"wp:attachment":[{"href":"https:\/\/infozamoraec.com\/index.php\/wp-json\/wp\/v2\/media?parent=16715"}],"wp:term":[{"taxonomy":"category","embeddable":true,"href":"https:\/\/infozamoraec.com\/index.php\/wp-json\/wp\/v2\/categories?post=16715"},{"taxonomy":"post_tag","embeddable":true,"href":"https:\/\/infozamoraec.com\/index.php\/wp-json\/wp\/v2\/tags?post=16715"}],"curies":[{"name":"wp","href":"https:\/\/api.w.org\/{rel}","templated":true}]}}