{"id":16706,"date":"2025-10-24T02:47:33","date_gmt":"2025-10-24T02:47:33","guid":{"rendered":"https:\/\/infozamoraec.com\/?p=16706"},"modified":"2025-10-24T02:47:33","modified_gmt":"2025-10-24T02:47:33","slug":"daniel-noboa-confia-en-que-el-pueblo-dira-si-en-la-consulta-y-referendum-del-16-de-noviembre","status":"publish","type":"post","link":"https:\/\/infozamoraec.com\/index.php\/2025\/10\/24\/daniel-noboa-confia-en-que-el-pueblo-dira-si-en-la-consulta-y-referendum-del-16-de-noviembre\/","title":{"rendered":"Daniel Noboa conf\u00eda en que el pueblo dir\u00e1 \u2018S\u00ed\u2019 en la consulta y refer\u00e9ndum del 16 de noviembre"},"content":{"rendered":"<p>El presidente de la Rep\u00fablica, Daniel Noboa, asegur\u00f3 que el electorado lo conoce y que no busca imponer ninguna narrativa que lo favorezca para la consulta popular y refer\u00e9ndum del pr\u00f3ximo 16 de noviembre en la que conf\u00eda obtener un s\u00ed en las cuatro preguntas.<\/p>\n<p>En una entrevista con CNN, este jueves 23 de octubre, Noboa dijo tambi\u00e9n que conf\u00eda en que recibir\u00e1 el respaldo en las urnas en el pr\u00f3ximo proceso porque son demandas que la misma ciudadan\u00eda exige.<\/p>\n<p>\u201cEstoy convencido de que la gente va a apoyar, la gente quiere un cambio real, han visto c\u00f3mo hemos luchado, que nos han tirado abajo leyes por medio de la Corte Constitucional y una Constituyente va a reformar la Constituci\u00f3n con los cambios necesarios para la realidad de hoy y todos los problemas que vivimos\u201d, apunt\u00f3.<\/p>\n<p>El mandatario dijo que la apertura de la inversi\u00f3n extranjera es un de los puntos clave que deber\u00eda tener la nueva Carta Magna en caso de que los ecuatorianos decidan en las urnas que se convoque a una Asamblea Constituyente.<\/p>\n<p>Noboa habl\u00f3 sobre la instalaci\u00f3n de bases extranjeras y dijo que la ubicaci\u00f3n de estas se analizar\u00e1 a futuro. Sin embargo, adelant\u00f3 que ser\u00eda clave que est\u00e9n en la isla Baltra, Manab\u00ed.<\/p>\n<p>No obstante, record\u00f3 tambi\u00e9n que en el caso de que se imponga el No, aceptar\u00e1 la voluntad popular.<\/p>\n<p>Al ser consultado sobre si considera que su accionar es similar al de otros presidentes como Nayib Bukele, de El Salvador, o Donald Trump de Estados Unidos, Noboa mencion\u00f3 que sus pol\u00edticas econ\u00f3micas son similares a las de gobiernos como el de Lula Da Silva en Brasil.<\/p>\n<p>El mandatario indentific\u00f3 la tendencia pol\u00edtica de su gobierno como una \u201csocialdemocracia bien moderada\u201d y record\u00f3 que es un proyecto pol\u00edtico de mucho consenso.<\/p>\n<p>En el mismo espacio, Noboa fue consultado sobre si el ataque que recibi\u00f3 en Ca\u00f1ar y que fue denunciado por tentativa de asesinato y el supuesto intento de envenamiento que se difundi\u00f3 esta semana ser\u00edan parte de una narrativa para favorecerse electoralmente.<\/p>\n<p>Noboa dijo que nadie en su sano jucio buscar\u00eda ser atacado con bombas ni proyectiles caseros y que su \u00fanico objetivo ha sido atender las necesidades de los ecuatorianos y record\u00f3 que su Gobierno ha dedicado estos \u00faltimos meses a entregar bonos y ayuda a diferentes grupos de la poblaci\u00f3n.<\/p>\n","protected":false},"excerpt":{"rendered":"<p>El presidente de la Rep\u00fablica, Daniel Noboa, asegur\u00f3 que el electorado lo conoce y que no busca imponer ninguna narrativa que lo favorezca para la consulta popular y refer\u00e9ndum del pr\u00f3ximo 16 de noviembre en la que conf\u00eda obtener un s\u00ed en las cuatro preguntas. En una entrevista con CNN, este jueves 23 de octubre, [&hellip;]<\/p>\n","protected":false},"author":1,"featured_media":16707,"comment_status":"open","ping_status":"open","sticky":false,"template":"","format":"standard","meta":{"footnotes":""},"categories":[12],"tags":[],"_links":{"self":[{"href":"https:\/\/infozamoraec.com\/index.php\/wp-json\/wp\/v2\/posts\/16706"}],"collection":[{"href":"https:\/\/infozamoraec.com\/index.php\/wp-json\/wp\/v2\/posts"}],"about":[{"href":"https:\/\/infozamoraec.com\/index.php\/wp-json\/wp\/v2\/types\/post"}],"author":[{"embeddable":true,"href":"https:\/\/infozamoraec.com\/index.php\/wp-json\/wp\/v2\/users\/1"}],"replies":[{"embeddable":true,"href":"https:\/\/infozamoraec.com\/index.php\/wp-json\/wp\/v2\/comments?post=16706"}],"version-history":[{"count":1,"href":"https:\/\/infozamoraec.com\/index.php\/wp-json\/wp\/v2\/posts\/16706\/revisions"}],"predecessor-version":[{"id":16708,"href":"https:\/\/infozamoraec.com\/index.php\/wp-json\/wp\/v2\/posts\/16706\/revisions\/16708"}],"wp:featuredmedia":[{"embeddable":true,"href":"https:\/\/infozamoraec.com\/index.php\/wp-json\/wp\/v2\/media\/16707"}],"wp:attachment":[{"href":"https:\/\/infozamoraec.com\/index.php\/wp-json\/wp\/v2\/media?parent=16706"}],"wp:term":[{"taxonomy":"category","embeddable":true,"href":"https:\/\/infozamoraec.com\/index.php\/wp-json\/wp\/v2\/categories?post=16706"},{"taxonomy":"post_tag","embeddable":true,"href":"https:\/\/infozamoraec.com\/index.php\/wp-json\/wp\/v2\/tags?post=16706"}],"curies":[{"name":"wp","href":"https:\/\/api.w.org\/{rel}","templated":true}]}}