{"id":16697,"date":"2025-10-24T02:44:18","date_gmt":"2025-10-24T02:44:18","guid":{"rendered":"https:\/\/infozamoraec.com\/?p=16697"},"modified":"2025-10-24T02:44:18","modified_gmt":"2025-10-24T02:44:18","slug":"noboa-regresa-la-sede-de-gobierno-a-quito","status":"publish","type":"post","link":"https:\/\/infozamoraec.com\/index.php\/2025\/10\/24\/noboa-regresa-la-sede-de-gobierno-a-quito\/","title":{"rendered":"Noboa regresa la sede de Gobierno a Quito"},"content":{"rendered":"<p>El presidente Daniel Noboa derog\u00f3 su prpio decreto en el que nombr\u00f3 a Latacunga como la sede del Gobierno Nacional, con ello, Quito vovler\u00e1 a ser la sede del Ejecutivo desde este 23 de octubre.<\/p>\n<p>Noboa decret\u00f3 el traslado del Gobierno el 13 de septiembre, luego de eliminar el subsidio al di\u00e9sel y ante los anuncios de lo que entonces eran posibles protestas en el pa\u00eds.<\/p>\n<p>Mediante sus cuentas en redes sociales, el presidente gradeci\u00f3 a Latacunga por \u00abacoger, respaldar y defender\u00bb a los funcionarios del Ejecutivo durante ese periodo. \u00abCuando el pa\u00eds atraves\u00f3 sus d\u00edas m\u00e1s inciertos, Latacunga se convirti\u00f3 en el coraz\u00f3n del Ecuador\u00bb, escribi\u00f3 el presidente.<\/p>\n<p>Las protestas contra el Gobierno culminaron este 22 de octubre, tras 31 d\u00edas de huelgas que, en sus \u00faltimas jornadas, se concentraron principalmente en la provincia de Imbabura. Las manifestaciones fueron convocadas por la Confederaci\u00f3n de Nacionalidades Ind\u00edgenas del Ecuador (Conaie) y su presidente Marlon Vargas.<\/p>\n<p>Aunque las protestas, que dejaron tres manifestantes muertos y cerca de 300 heridos, comenzaron el 22 de septiembre por la eliminaci\u00f3n del subsidio al di\u00e9sel, la Conaie sum\u00f3 luego otras demandas, como la reducci\u00f3n del Impuesto al Valor Agregado (IVA) del 15 al 12 %, y el rechazo al refer\u00e9ndum en el que, el 16 de noviembre, se consultar\u00e1 sobre la posibilidad de instalar una Asamblea Constituyente para cambiar la Constituci\u00f3n. Sin embargo, el paro ces\u00f3 sin que la organizaci\u00f3n ind\u00edgena lograra ninguna sus demandas a diferencia del 2019 y 2022 en las protestas contra Len\u00edn Moreno y Guillermo Lasso respectivamente. (I)<\/p>\n","protected":false},"excerpt":{"rendered":"<p>El presidente Daniel Noboa derog\u00f3 su prpio decreto en el que nombr\u00f3 a Latacunga como la sede del Gobierno Nacional, con ello, Quito vovler\u00e1 a ser la sede del Ejecutivo desde este 23 de octubre. Noboa decret\u00f3 el traslado del Gobierno el 13 de septiembre, luego de eliminar el subsidio al di\u00e9sel y ante los [&hellip;]<\/p>\n","protected":false},"author":1,"featured_media":16700,"comment_status":"open","ping_status":"open","sticky":false,"template":"","format":"standard","meta":{"footnotes":""},"categories":[12],"tags":[],"_links":{"self":[{"href":"https:\/\/infozamoraec.com\/index.php\/wp-json\/wp\/v2\/posts\/16697"}],"collection":[{"href":"https:\/\/infozamoraec.com\/index.php\/wp-json\/wp\/v2\/posts"}],"about":[{"href":"https:\/\/infozamoraec.com\/index.php\/wp-json\/wp\/v2\/types\/post"}],"author":[{"embeddable":true,"href":"https:\/\/infozamoraec.com\/index.php\/wp-json\/wp\/v2\/users\/1"}],"replies":[{"embeddable":true,"href":"https:\/\/infozamoraec.com\/index.php\/wp-json\/wp\/v2\/comments?post=16697"}],"version-history":[{"count":1,"href":"https:\/\/infozamoraec.com\/index.php\/wp-json\/wp\/v2\/posts\/16697\/revisions"}],"predecessor-version":[{"id":16701,"href":"https:\/\/infozamoraec.com\/index.php\/wp-json\/wp\/v2\/posts\/16697\/revisions\/16701"}],"wp:featuredmedia":[{"embeddable":true,"href":"https:\/\/infozamoraec.com\/index.php\/wp-json\/wp\/v2\/media\/16700"}],"wp:attachment":[{"href":"https:\/\/infozamoraec.com\/index.php\/wp-json\/wp\/v2\/media?parent=16697"}],"wp:term":[{"taxonomy":"category","embeddable":true,"href":"https:\/\/infozamoraec.com\/index.php\/wp-json\/wp\/v2\/categories?post=16697"},{"taxonomy":"post_tag","embeddable":true,"href":"https:\/\/infozamoraec.com\/index.php\/wp-json\/wp\/v2\/tags?post=16697"}],"curies":[{"name":"wp","href":"https:\/\/api.w.org\/{rel}","templated":true}]}}