{"id":16691,"date":"2025-10-24T01:27:39","date_gmt":"2025-10-24T01:27:39","guid":{"rendered":"https:\/\/infozamoraec.com\/?p=16691"},"modified":"2025-10-24T01:27:39","modified_gmt":"2025-10-24T01:27:39","slug":"paquisha-celebro-sus-23-anos-de-cantonizacion-con-civismo-obras-y-compromiso-por-el-desarrollo-rural","status":"publish","type":"post","link":"https:\/\/infozamoraec.com\/index.php\/2025\/10\/24\/paquisha-celebro-sus-23-anos-de-cantonizacion-con-civismo-obras-y-compromiso-por-el-desarrollo-rural\/","title":{"rendered":"Paquisha celebr\u00f3 sus 23 a\u00f1os de cantonizaci\u00f3n con civismo, obras y compromiso por el desarrollo rural"},"content":{"rendered":"<p data-start=\"122\" data-end=\"506\">En un ambiente de civismo y alegr\u00eda, el cant\u00f3n Paquisha conmemor\u00f3 este jueves 23 de octubre sus 23 a\u00f1os de vida pol\u00edtica con un desfile c\u00edvico y una sesi\u00f3n solemne que reunieron a autoridades, instituciones educativas y ciudadanos que celebraron el progreso de este pueblo trabajador de la provincia de Zamora Chinchipe.<\/p>\n<p data-start=\"508\" data-end=\"785\">El <strong data-start=\"1560\" data-end=\"1599\">alcalde de Paquisha, Paul Rodr\u00edguez<\/strong>, durante la sesi\u00f3n solemne,\u00a0 inform\u00f3 sobre el trabajo ejecutado a favor de su pueblo y destac\u00f3 la <strong data-start=\"1670\" data-end=\"1772\">gesti\u00f3n de recursos ante la Secretar\u00eda T\u00e9cnica de la Amazon\u00eda y el Banco de Desarrollo del Ecuador<\/strong>, con el objetivo de ejecutar proyectos de desarrollo que beneficien a toda la poblaci\u00f3n del cant\u00f3n.<\/p>\n<p data-start=\"508\" data-end=\"785\">Durante la jornada, la prefecta <strong data-start=\"540\" data-end=\"558\">Karla Re\u00e1tegui<\/strong> acompa\u00f1\u00f3 a la ciudadan\u00eda y reafirm\u00f3 el compromiso institucional con el desarrollo territorial, destacando las obras ejecutadas en vialidad, producci\u00f3n e infraestructura que fortalecen el bienestar de las comunidades rurales.<\/p>\n<p data-start=\"787\" data-end=\"1030\">En el \u00e1mbito vial, se resaltaron los avances en el asfaltado de la v\u00eda <strong data-start=\"858\" data-end=\"888\">Nuevo Quito\u2013Cisam\u2013Conguime<\/strong>, la apertura del tramo <strong data-start=\"912\" data-end=\"939\">Santa Cecilia\u2013El Play\u00f3n<\/strong>, y mantenimientos permanentes que mejoran la conectividad y dinamizan la econom\u00eda local.<\/p>\n<p data-start=\"1032\" data-end=\"1366\">En materia productiva, la Prefectura resalt\u00f3\u00a0 la <strong data-start=\"1080\" data-end=\"1159\">asistencia t\u00e9cnica, huertos familiares, viveros y entrega de aves y plantas<\/strong>, fortaleciendo la seguridad alimentaria y el desarrollo agr\u00edcola del cant\u00f3n. Adem\u00e1s, se ejecutan obras de construcci\u00f3n y mantenimiento de canales de drenaje en varias hect\u00e1reas destinadas a la producci\u00f3n.<\/p>\n<p data-start=\"1368\" data-end=\"1541\">La celebraci\u00f3n tambi\u00e9n incluy\u00f3 la <strong data-start=\"1402\" data-end=\"1464\">inauguraci\u00f3n de la cancha cubierta en la comunidad Chichis<\/strong>, un espacio destinado a la integraci\u00f3n social, el deporte y la recreaci\u00f3n.<\/p>\n<p data-start=\"2201\" data-end=\"2399\" data-is-last-node=\"\" data-is-only-node=\"\">Paquisha celebra un nuevo aniversario con la mirada puesta en el futuro, impulsando el trabajo conjunto entre autoridades y ciudadan\u00eda bajo el lema de <strong data-start=\"2352\" data-end=\"2398\">unidad, compromiso y desarrollo para todos<\/strong>.<\/p>\n","protected":false},"excerpt":{"rendered":"<p>En un ambiente de civismo y alegr\u00eda, el cant\u00f3n Paquisha conmemor\u00f3 este jueves 23 de octubre sus 23 a\u00f1os de vida pol\u00edtica con un desfile c\u00edvico y una sesi\u00f3n solemne que reunieron a autoridades, instituciones educativas y ciudadanos que celebraron el progreso de este pueblo trabajador de la provincia de Zamora Chinchipe. El alcalde de [&hellip;]<\/p>\n","protected":false},"author":1,"featured_media":16692,"comment_status":"open","ping_status":"open","sticky":false,"template":"","format":"standard","meta":{"footnotes":""},"categories":[9],"tags":[],"_links":{"self":[{"href":"https:\/\/infozamoraec.com\/index.php\/wp-json\/wp\/v2\/posts\/16691"}],"collection":[{"href":"https:\/\/infozamoraec.com\/index.php\/wp-json\/wp\/v2\/posts"}],"about":[{"href":"https:\/\/infozamoraec.com\/index.php\/wp-json\/wp\/v2\/types\/post"}],"author":[{"embeddable":true,"href":"https:\/\/infozamoraec.com\/index.php\/wp-json\/wp\/v2\/users\/1"}],"replies":[{"embeddable":true,"href":"https:\/\/infozamoraec.com\/index.php\/wp-json\/wp\/v2\/comments?post=16691"}],"version-history":[{"count":1,"href":"https:\/\/infozamoraec.com\/index.php\/wp-json\/wp\/v2\/posts\/16691\/revisions"}],"predecessor-version":[{"id":16693,"href":"https:\/\/infozamoraec.com\/index.php\/wp-json\/wp\/v2\/posts\/16691\/revisions\/16693"}],"wp:featuredmedia":[{"embeddable":true,"href":"https:\/\/infozamoraec.com\/index.php\/wp-json\/wp\/v2\/media\/16692"}],"wp:attachment":[{"href":"https:\/\/infozamoraec.com\/index.php\/wp-json\/wp\/v2\/media?parent=16691"}],"wp:term":[{"taxonomy":"category","embeddable":true,"href":"https:\/\/infozamoraec.com\/index.php\/wp-json\/wp\/v2\/categories?post=16691"},{"taxonomy":"post_tag","embeddable":true,"href":"https:\/\/infozamoraec.com\/index.php\/wp-json\/wp\/v2\/tags?post=16691"}],"curies":[{"name":"wp","href":"https:\/\/api.w.org\/{rel}","templated":true}]}}