{"id":16686,"date":"2025-10-24T01:18:15","date_gmt":"2025-10-24T01:18:15","guid":{"rendered":"https:\/\/infozamoraec.com\/?p=16686"},"modified":"2025-10-24T01:18:33","modified_gmt":"2025-10-24T01:18:33","slug":"alcaldia-de-yantzaza-impulsa-gran-minga-de-limpieza-para-fortalecer-el-compromiso-ciudadano-y-embellecer-la-ciudad","status":"publish","type":"post","link":"https:\/\/infozamoraec.com\/index.php\/2025\/10\/24\/alcaldia-de-yantzaza-impulsa-gran-minga-de-limpieza-para-fortalecer-el-compromiso-ciudadano-y-embellecer-la-ciudad\/","title":{"rendered":"Alcald\u00eda de Yantzaza impulsa gran minga de limpieza para fortalecer el compromiso ciudadano y embellecer la ciudad"},"content":{"rendered":"<p>Con el prop\u00f3sito de promover la corresponsabilidad ciudadana y mantener espacios p\u00fablicos limpios y ordenados, la Alcald\u00eda de Yantzaza llevar\u00e1 a cabo una gran minga de limpieza este 24 de octubre, desde las 09h00, en las calles de regeneraci\u00f3n urbana y la avenida Iv\u00e1n Riofr\u00edo.<\/p>\n<p>La jornada busca no solo mejorar la imagen urbana, sino tambi\u00e9n fomentar la unidad y el sentido de pertenencia entre los habitantes del \u201cValle de las Luci\u00e9rnagas\u201d. Funcionarios municipales, vecinos y voluntarios participar\u00e1n en la actividad que tiene como meta embellecer la ciudad y reforzar el orgullo local.<\/p>\n<p>Mariela Mart\u00ednez, funcionaria del GAD Municipal, destac\u00f3 que estas acciones contribuyen significativamente al desarrollo tur\u00edstico y econ\u00f3mico del cant\u00f3n. \u201cA trav\u00e9s de las mingas de limpieza mantenemos un Yantzaza limpio y ordenado, que proyecta una mejor imagen a todos quienes nos visitan\u201d, se\u00f1al\u00f3.<\/p>\n<p>Por su parte, Juan Pablo Pe\u00f1a, morador del barrio central, resalt\u00f3 la importancia de la participaci\u00f3n ciudadana: \u201cEs positivo que se realicen estas mingas y que los propietarios de negocios y viviendas tambi\u00e9n se sumen a cuidar sus portales y evitar la contaminaci\u00f3n\u201d, expres\u00f3.<\/p>\n<p>La Alcald\u00eda de Yantzaza reafirma su compromiso con el cuidado del entorno, la modernizaci\u00f3n urbana y la convivencia responsable, invitando a toda la ciudadan\u00eda a participar en esta jornada comunitaria.<\/p>\n<p>\u201cUnidos por una ciudad m\u00e1s limpia, moderna y segura\u201d, es el mensaje que impulsa esta iniciativa, s\u00edmbolo del trabajo conjunto entre autoridades y comunidad por un Yantzaza que crece con orden, esperanza y sentido de pertenencia.<\/p>\n","protected":false},"excerpt":{"rendered":"<p>Con el prop\u00f3sito de promover la corresponsabilidad ciudadana y mantener espacios p\u00fablicos limpios y ordenados, la Alcald\u00eda de Yantzaza llevar\u00e1 a cabo una gran minga de limpieza este 24 de octubre, desde las 09h00, en las calles de regeneraci\u00f3n urbana y la avenida Iv\u00e1n Riofr\u00edo. La jornada busca no solo mejorar la imagen urbana, sino [&hellip;]<\/p>\n","protected":false},"author":1,"featured_media":16687,"comment_status":"open","ping_status":"open","sticky":false,"template":"","format":"standard","meta":{"footnotes":""},"categories":[9],"tags":[],"_links":{"self":[{"href":"https:\/\/infozamoraec.com\/index.php\/wp-json\/wp\/v2\/posts\/16686"}],"collection":[{"href":"https:\/\/infozamoraec.com\/index.php\/wp-json\/wp\/v2\/posts"}],"about":[{"href":"https:\/\/infozamoraec.com\/index.php\/wp-json\/wp\/v2\/types\/post"}],"author":[{"embeddable":true,"href":"https:\/\/infozamoraec.com\/index.php\/wp-json\/wp\/v2\/users\/1"}],"replies":[{"embeddable":true,"href":"https:\/\/infozamoraec.com\/index.php\/wp-json\/wp\/v2\/comments?post=16686"}],"version-history":[{"count":2,"href":"https:\/\/infozamoraec.com\/index.php\/wp-json\/wp\/v2\/posts\/16686\/revisions"}],"predecessor-version":[{"id":16689,"href":"https:\/\/infozamoraec.com\/index.php\/wp-json\/wp\/v2\/posts\/16686\/revisions\/16689"}],"wp:featuredmedia":[{"embeddable":true,"href":"https:\/\/infozamoraec.com\/index.php\/wp-json\/wp\/v2\/media\/16687"}],"wp:attachment":[{"href":"https:\/\/infozamoraec.com\/index.php\/wp-json\/wp\/v2\/media?parent=16686"}],"wp:term":[{"taxonomy":"category","embeddable":true,"href":"https:\/\/infozamoraec.com\/index.php\/wp-json\/wp\/v2\/categories?post=16686"},{"taxonomy":"post_tag","embeddable":true,"href":"https:\/\/infozamoraec.com\/index.php\/wp-json\/wp\/v2\/tags?post=16686"}],"curies":[{"name":"wp","href":"https:\/\/api.w.org\/{rel}","templated":true}]}}