{"id":16679,"date":"2025-10-23T00:40:55","date_gmt":"2025-10-23T00:40:55","guid":{"rendered":"https:\/\/infozamoraec.com\/?p=16679"},"modified":"2025-10-23T00:41:29","modified_gmt":"2025-10-23T00:41:29","slug":"fanta-une-fuerzas-con-universal-pictures-y-blumhouse-para-celebrar-un-halloween-lleno-de-terror-y-diversion-en-ecuador","status":"publish","type":"post","link":"https:\/\/infozamoraec.com\/index.php\/2025\/10\/23\/fanta-une-fuerzas-con-universal-pictures-y-blumhouse-para-celebrar-un-halloween-lleno-de-terror-y-diversion-en-ecuador\/","title":{"rendered":"Fanta une fuerzas con Universal Pictures y Blumhouse para celebrar un Halloween lleno de terror y diversi\u00f3n en Ecuador"},"content":{"rendered":"<p data-start=\"127\" data-end=\"480\">Este Halloween, <strong data-start=\"173\" data-end=\"183\">Fanta<\/strong>, en colaboraci\u00f3n con <strong data-start=\"205\" data-end=\"227\">Universal Pictures<\/strong> y <strong data-start=\"230\" data-end=\"243\">Blumhouse<\/strong>, presenta una experiencia \u00fanica que combina terror y entretenimiento. La campa\u00f1a <strong data-start=\"325\" data-end=\"351\">\u201cEllos Quieren Fanta\u00ae\u201d<\/strong> llega a Am\u00e9rica Latina \u2014incluido Ecuador\u2014 como parte de una alianza global que re\u00fane a ic\u00f3nicos personajes del cine de horror.<\/p>\n<p data-start=\"482\" data-end=\"759\">En esta edici\u00f3n especial, los reconocidos <strong data-start=\"524\" data-end=\"534\">Chucky<\/strong>, <strong data-start=\"536\" data-end=\"554\">Freddy Fazbear<\/strong> (de <em data-start=\"559\" data-end=\"586\">Five Nights at Freddy\u2019s 2<\/em>) y <strong data-start=\"590\" data-end=\"599\">M3GAN<\/strong> (<em data-start=\"601\" data-end=\"612\">M3GAN 2.0<\/em>) protagonizan una serie de activaciones, empaques coleccionables y experiencias digitales, con un mismo objetivo: \u00a1conseguir su Fanta\u00ae favorita!<\/p>\n<p data-start=\"761\" data-end=\"1055\">La campa\u00f1a, que se desarrolla entre septiembre y octubre, incluye <strong data-start=\"827\" data-end=\"859\">empaques de edici\u00f3n limitada<\/strong>: Chucky aparece en <strong data-start=\"879\" data-end=\"897\">Fanta\u00ae Naranja<\/strong>, mientras que Freddy Fazbear protagoniza <strong data-start=\"939\" data-end=\"953\">Fanta\u00ae Uva<\/strong>. En Ecuador, los consumidores pueden encontrarlas en presentaciones de <strong data-start=\"1025\" data-end=\"1052\">250 ml, 500 ml y 1.35 L<\/strong>.<\/p>\n<p data-start=\"1057\" data-end=\"1295\">Adem\u00e1s, los fans podr\u00e1n acceder a la experiencia digital <strong data-start=\"1114\" data-end=\"1146\">\u201cF\u00e1brica Embrujada de Fanta\u201d<\/strong>, un juego interactivo disponible en la plataforma <strong data-start=\"1197\" data-end=\"1217\">1XP de Coca-Cola<\/strong>, donde deber\u00e1n proteger las bebidas de los villanos que acechan la f\u00e1brica.<\/p>\n<p data-start=\"1297\" data-end=\"1459\">Ibrahim Salim Kahn, vicepresidente global de Fanta en The Coca-Cola Company, se\u00f1al\u00f3 que esta colaboraci\u00f3n busca ofrecer una experiencia divertida y envolvente:<\/p>\n<blockquote data-start=\"1460\" data-end=\"1640\">\n<p data-start=\"1462\" data-end=\"1640\">\u201cFanta promete deliciosidad y nada m\u00e1s que deliciosidad. Este Halloween traemos de vuelta a los \u00edconos m\u00e1s legendarios del terror, pero esta vez&#8230; \u00a1ellos s\u00f3lo quieren Fanta!\u201d.<\/p>\n<\/blockquote>\n<p data-start=\"1642\" data-end=\"1818\">La iniciativa ha sido desarrollada por <strong data-start=\"1681\" data-end=\"1695\">WPP Open X<\/strong>, con liderazgo de <strong data-start=\"1714\" data-end=\"1724\">Ogilvy<\/strong> y apoyo de <strong data-start=\"1736\" data-end=\"1746\">Burson<\/strong>, <strong data-start=\"1748\" data-end=\"1767\">EssenceMediacom<\/strong>, <strong data-start=\"1769\" data-end=\"1777\">GOAT<\/strong>, <strong data-start=\"1779\" data-end=\"1790\">Hogarth<\/strong>, <strong data-start=\"1792\" data-end=\"1805\">Subvrsive<\/strong> y <strong data-start=\"1808\" data-end=\"1815\">VML<\/strong>.<\/p>\n<p data-start=\"1820\" data-end=\"2004\" data-is-last-node=\"\" data-is-only-node=\"\">Para m\u00e1s informaci\u00f3n y contenidos exclusivos, los usuarios pueden visitar las redes sociales oficiales de <strong data-start=\"1926\" data-end=\"1938\">@fantaec<\/strong> y ser parte de esta temporada llena de sustos, diversi\u00f3n y sabor.<\/p>\n","protected":false},"excerpt":{"rendered":"<p>Este Halloween, Fanta, en colaboraci\u00f3n con Universal Pictures y Blumhouse, presenta una experiencia \u00fanica que combina terror y entretenimiento. La campa\u00f1a \u201cEllos Quieren Fanta\u00ae\u201d llega a Am\u00e9rica Latina \u2014incluido Ecuador\u2014 como parte de una alianza global que re\u00fane a ic\u00f3nicos personajes del cine de horror. En esta edici\u00f3n especial, los reconocidos Chucky, Freddy Fazbear (de [&hellip;]<\/p>\n","protected":false},"author":1,"featured_media":16680,"comment_status":"open","ping_status":"open","sticky":false,"template":"","format":"standard","meta":{"footnotes":""},"categories":[12],"tags":[],"_links":{"self":[{"href":"https:\/\/infozamoraec.com\/index.php\/wp-json\/wp\/v2\/posts\/16679"}],"collection":[{"href":"https:\/\/infozamoraec.com\/index.php\/wp-json\/wp\/v2\/posts"}],"about":[{"href":"https:\/\/infozamoraec.com\/index.php\/wp-json\/wp\/v2\/types\/post"}],"author":[{"embeddable":true,"href":"https:\/\/infozamoraec.com\/index.php\/wp-json\/wp\/v2\/users\/1"}],"replies":[{"embeddable":true,"href":"https:\/\/infozamoraec.com\/index.php\/wp-json\/wp\/v2\/comments?post=16679"}],"version-history":[{"count":2,"href":"https:\/\/infozamoraec.com\/index.php\/wp-json\/wp\/v2\/posts\/16679\/revisions"}],"predecessor-version":[{"id":16682,"href":"https:\/\/infozamoraec.com\/index.php\/wp-json\/wp\/v2\/posts\/16679\/revisions\/16682"}],"wp:featuredmedia":[{"embeddable":true,"href":"https:\/\/infozamoraec.com\/index.php\/wp-json\/wp\/v2\/media\/16680"}],"wp:attachment":[{"href":"https:\/\/infozamoraec.com\/index.php\/wp-json\/wp\/v2\/media?parent=16679"}],"wp:term":[{"taxonomy":"category","embeddable":true,"href":"https:\/\/infozamoraec.com\/index.php\/wp-json\/wp\/v2\/categories?post=16679"},{"taxonomy":"post_tag","embeddable":true,"href":"https:\/\/infozamoraec.com\/index.php\/wp-json\/wp\/v2\/tags?post=16679"}],"curies":[{"name":"wp","href":"https:\/\/api.w.org\/{rel}","templated":true}]}}