{"id":16676,"date":"2025-10-23T00:36:36","date_gmt":"2025-10-23T00:36:36","guid":{"rendered":"https:\/\/infozamoraec.com\/?p=16676"},"modified":"2025-10-23T00:36:36","modified_gmt":"2025-10-23T00:36:36","slug":"gustavo-petro-y-donald-trump-en-mutuo-ataque-verbal","status":"publish","type":"post","link":"https:\/\/infozamoraec.com\/index.php\/2025\/10\/23\/gustavo-petro-y-donald-trump-en-mutuo-ataque-verbal\/","title":{"rendered":"Gustavo Petro y Donald Trump en mutuo ataque verbal"},"content":{"rendered":"<p>Los mandatarios de Estados Unidos, Donald Trump, y de Colombia, Gustavo Petro, se enfrascaron este mi\u00e9rcoles (22.10.2025) en una guerra de palabras luego de que el presidente estadounidense llam\u00f3 a su hom\u00f3logo \u00abmaleante\u00bb y el colombiano anunci\u00f3 acciones legales.<\/p>\n<p>Colombia y Estados Unidos viven la peor crisis en d\u00e9cadas, pese a haber sido aliados hist\u00f3ricos en la lucha contra el narcotr\u00e1fico y socios comerciales.<\/p>\n<p>Desde la Casa Blanca, Trump calific\u00f3 a Petro de \u00abmal tipo\u00bb y anunci\u00f3: \u00abA partir de hoy hemos interrumpido todos los pagos a Colombia\u00bb.<\/p>\n<p>\u00abMejor que se cuide, porque tomaremos acciones muy serias contra \u00e9l y su pa\u00eds\u00bb, agreg\u00f3 Trump.<\/p>\n<p>El mandatario de Colombia respondi\u00f3 en redes sociales y dijo que se \u00abdefender\u00e1 judicialmente\u00bb en Estados Unidos.<\/p>\n<p>\u00abDe las calumnias que me han lanzado en el territorio de los EEUU, altos funcionarios; me defender\u00e9 judicialmente con abogados estadounidenses en la justicia estadounidense\u00bb, escribi\u00f3 Petro en X.<\/p>\n<p>Trump con inmunidad presidencial<br \/>\nUna acci\u00f3n legal del l\u00edder colombiano enfrentar\u00eda desaf\u00edos en los estrados estadounidenses. Trump tiene inmunidad presidencial y la primera enmienda garantiza la libertad de expresi\u00f3n, lo que dificultar\u00eda una demanda por difamaci\u00f3n o calumnia.<\/p>\n<p>Trump ha llamado \u00abl\u00edder de narcotr\u00e1fico\u00bb a Petro, le quit\u00f3 la certificaci\u00f3n a Colombia como aliado antidrogas y le retir\u00f3 la visa estadounidense al presidente colombiano.<\/p>\n<p>Al respecto, El embajador de Colombia en Washington se\u00f1al\u00f3 que con esas declaraciones de Trump le da un trato \u00absimilar\u00bb al del mandatario venezolano Nicol\u00e1s Maduro.<\/p>\n<p>Acusar a Petro de capo del narco \u00abno tiene ni pies ni cabeza\u00bb, dijo el diplom\u00e1tico Daniel Garc\u00eda-Pe\u00f1a en una entrevista con la AFP en Bogot\u00e1.<\/p>\n<p>\u00abDesafortunadamente\u00bb, el tratamiento es \u00absimilar al que est\u00e1n haciendo con Maduro\u00bb, a quien Washington acusa de ser jefe de un supuesto c\u00e1rtel de la droga. Eso es \u00abpeligroso\u00bb, a\u00f1adi\u00f3.<\/p>\n<p>mg (afp, efe)<\/p>\n<p>&nbsp;<\/p>\n","protected":false},"excerpt":{"rendered":"<p>Los mandatarios de Estados Unidos, Donald Trump, y de Colombia, Gustavo Petro, se enfrascaron este mi\u00e9rcoles (22.10.2025) en una guerra de palabras luego de que el presidente estadounidense llam\u00f3 a su hom\u00f3logo \u00abmaleante\u00bb y el colombiano anunci\u00f3 acciones legales. Colombia y Estados Unidos viven la peor crisis en d\u00e9cadas, pese a haber sido aliados hist\u00f3ricos [&hellip;]<\/p>\n","protected":false},"author":1,"featured_media":16677,"comment_status":"open","ping_status":"open","sticky":false,"template":"","format":"standard","meta":{"footnotes":""},"categories":[8],"tags":[],"_links":{"self":[{"href":"https:\/\/infozamoraec.com\/index.php\/wp-json\/wp\/v2\/posts\/16676"}],"collection":[{"href":"https:\/\/infozamoraec.com\/index.php\/wp-json\/wp\/v2\/posts"}],"about":[{"href":"https:\/\/infozamoraec.com\/index.php\/wp-json\/wp\/v2\/types\/post"}],"author":[{"embeddable":true,"href":"https:\/\/infozamoraec.com\/index.php\/wp-json\/wp\/v2\/users\/1"}],"replies":[{"embeddable":true,"href":"https:\/\/infozamoraec.com\/index.php\/wp-json\/wp\/v2\/comments?post=16676"}],"version-history":[{"count":1,"href":"https:\/\/infozamoraec.com\/index.php\/wp-json\/wp\/v2\/posts\/16676\/revisions"}],"predecessor-version":[{"id":16678,"href":"https:\/\/infozamoraec.com\/index.php\/wp-json\/wp\/v2\/posts\/16676\/revisions\/16678"}],"wp:featuredmedia":[{"embeddable":true,"href":"https:\/\/infozamoraec.com\/index.php\/wp-json\/wp\/v2\/media\/16677"}],"wp:attachment":[{"href":"https:\/\/infozamoraec.com\/index.php\/wp-json\/wp\/v2\/media?parent=16676"}],"wp:term":[{"taxonomy":"category","embeddable":true,"href":"https:\/\/infozamoraec.com\/index.php\/wp-json\/wp\/v2\/categories?post=16676"},{"taxonomy":"post_tag","embeddable":true,"href":"https:\/\/infozamoraec.com\/index.php\/wp-json\/wp\/v2\/tags?post=16676"}],"curies":[{"name":"wp","href":"https:\/\/api.w.org\/{rel}","templated":true}]}}