{"id":16673,"date":"2025-10-23T00:31:44","date_gmt":"2025-10-23T00:31:44","guid":{"rendered":"https:\/\/infozamoraec.com\/?p=16673"},"modified":"2025-10-23T00:32:04","modified_gmt":"2025-10-23T00:32:04","slug":"brasil-avanza-en-proyecto-que-eleva-penas-a-grupo-criminales","status":"publish","type":"post","link":"https:\/\/infozamoraec.com\/index.php\/2025\/10\/23\/brasil-avanza-en-proyecto-que-eleva-penas-a-grupo-criminales\/","title":{"rendered":"Brasil avanza en proyecto que eleva penas a grupo criminales"},"content":{"rendered":"<p>El Ministerio de Justicia de Brasil present\u00f3 este mi\u00e9rcoles (22.10.2025) para an\u00e1lisis del Gobierno nacional un proyecto de ley que crea el tipo penal de organizaci\u00f3n criminal calificada y endurece las penas para l\u00edderes e integrantes de los grupos criminales, hasta los 30 a\u00f1os de prisi\u00f3n.<\/p>\n<p>El proyecto, titulado \u00b4Antifacci\u00f3n\u00b4, fue presentado por el ministro de Justicia y Seguridad P\u00fablica, Ricardo Lewandowski, quien justific\u00f3 la propuesta ante la creciente sofisticaci\u00f3n de los grupos delictivos, afirmando que el Estado enfrenta el desaf\u00edo de \u00abestar m\u00e1s organizado que el crimen\u00bb.<\/p>\n<p>El proyecto, que actualiza la legislaci\u00f3n vigente de 2013, deber\u00e1 ser sometido a votaci\u00f3n en el Congreso Nacional tras el visto bueno del Ejecutivo.<\/p>\n<p>De aprobarse en todas las instancias, el proyecto instaurar\u00e1 el tipo penal de \u00aborganizaci\u00f3n criminal calificada\u00bb, que implica un control de territorio o de actividades econ\u00f3micas a trav\u00e9s del uso de la violencia, y los condenados por este delito enfrentar\u00e1n penas que ir\u00e1n de ocho a quince a\u00f1os de prisi\u00f3n.<\/p>\n<p>Con la posibilidad de duplicar la condena si se comprueba la participaci\u00f3n de ni\u00f1os, adolescentes o funcionarios p\u00fablicos en el esquema, el uso de armas de fuego prohibidas, entre otros agravantes.<\/p>\n<p>\u00abcrimen hediondo\u00bb<br \/>\nEn el caso de organizaci\u00f3n criminal simple, la pena subir\u00e1 de tres a ocho a\u00f1os, como establece la legislaci\u00f3n actual, hasta los cinco a diez a\u00f1os de prisi\u00f3n.<\/p>\n<p>Y los homicidios por orden o beneficio de una organizaci\u00f3n criminal pasar\u00e1n a ser tipificados como \u00b4crimen hediondo\u00b4, es decir, no ser\u00e1n plausibles de indulto, fianza o amnist\u00eda.<\/p>\n<p>En ese tipo de casos, el proyeto establece una pena de 12 a 30 a\u00f1os de prisi\u00f3n , una de las m\u00e1s altas de la legislaci\u00f3n brasile\u00f1a.<\/p>\n<p>El texto adem\u00e1s prev\u00e9 la creaci\u00f3n de un banco nacional de datos para estandarizar las informaciones sobre las facciones criminales con el fin de nutrir las investigaciones y facilitar el rastreo de los grupos.<\/p>\n<p>El Primeiro Comando da Capital (PCC) y el Comando Vermelho (CV), las dos organizaciones criminales m\u00e1s importantes del pa\u00eds, han sofisticado su accionar y han logrado expandir su dominio m\u00e1s all\u00e1 del narcotr\u00e1fico, transform\u00e1ndose en empresas criminales con tent\u00e1culos en los sectores econ\u00f3micos formales.<\/p>\n<p>Operativos policiales del \u00faltimo a\u00f1o han investigado la presencia del PCC en el mercado de los combustibles, los transportes, moteles, e inclusive el mercado inmobiliario, entre otros ramos.<\/p>\n<p>mg (efe, Globo)<\/p>\n<p>&nbsp;<\/p>\n","protected":false},"excerpt":{"rendered":"<p>El Ministerio de Justicia de Brasil present\u00f3 este mi\u00e9rcoles (22.10.2025) para an\u00e1lisis del Gobierno nacional un proyecto de ley que crea el tipo penal de organizaci\u00f3n criminal calificada y endurece las penas para l\u00edderes e integrantes de los grupos criminales, hasta los 30 a\u00f1os de prisi\u00f3n. El proyecto, titulado \u00b4Antifacci\u00f3n\u00b4, fue presentado por el ministro [&hellip;]<\/p>\n","protected":false},"author":1,"featured_media":16674,"comment_status":"open","ping_status":"open","sticky":false,"template":"","format":"standard","meta":{"footnotes":""},"categories":[8],"tags":[],"_links":{"self":[{"href":"https:\/\/infozamoraec.com\/index.php\/wp-json\/wp\/v2\/posts\/16673"}],"collection":[{"href":"https:\/\/infozamoraec.com\/index.php\/wp-json\/wp\/v2\/posts"}],"about":[{"href":"https:\/\/infozamoraec.com\/index.php\/wp-json\/wp\/v2\/types\/post"}],"author":[{"embeddable":true,"href":"https:\/\/infozamoraec.com\/index.php\/wp-json\/wp\/v2\/users\/1"}],"replies":[{"embeddable":true,"href":"https:\/\/infozamoraec.com\/index.php\/wp-json\/wp\/v2\/comments?post=16673"}],"version-history":[{"count":1,"href":"https:\/\/infozamoraec.com\/index.php\/wp-json\/wp\/v2\/posts\/16673\/revisions"}],"predecessor-version":[{"id":16675,"href":"https:\/\/infozamoraec.com\/index.php\/wp-json\/wp\/v2\/posts\/16673\/revisions\/16675"}],"wp:featuredmedia":[{"embeddable":true,"href":"https:\/\/infozamoraec.com\/index.php\/wp-json\/wp\/v2\/media\/16674"}],"wp:attachment":[{"href":"https:\/\/infozamoraec.com\/index.php\/wp-json\/wp\/v2\/media?parent=16673"}],"wp:term":[{"taxonomy":"category","embeddable":true,"href":"https:\/\/infozamoraec.com\/index.php\/wp-json\/wp\/v2\/categories?post=16673"},{"taxonomy":"post_tag","embeddable":true,"href":"https:\/\/infozamoraec.com\/index.php\/wp-json\/wp\/v2\/tags?post=16673"}],"curies":[{"name":"wp","href":"https:\/\/api.w.org\/{rel}","templated":true}]}}