{"id":16667,"date":"2025-10-23T00:28:13","date_gmt":"2025-10-23T00:28:13","guid":{"rendered":"https:\/\/infozamoraec.com\/?p=16667"},"modified":"2025-10-23T00:28:13","modified_gmt":"2025-10-23T00:28:13","slug":"daniel-noboa-anuncia-reduccion-del-precio-del-diesel-desde-diciembre","status":"publish","type":"post","link":"https:\/\/infozamoraec.com\/index.php\/2025\/10\/23\/daniel-noboa-anuncia-reduccion-del-precio-del-diesel-desde-diciembre\/","title":{"rendered":"Daniel Noboa anuncia reducci\u00f3n del precio del di\u00e9sel desde diciembre"},"content":{"rendered":"<p>El presidente de la Rep\u00fablica,\u00a0<strong>Daniel Noboa<\/strong>, anunci\u00f3 este mi\u00e9rcoles 22 de octubre que el precio del gal\u00f3n de\u00a0<a href=\"https:\/\/www.ecuavisa.com\/noticias\/economia\/compensaciones-alza-diesel-gobierno-DC10304887\" target=\"_blank\" rel=\"noopener noreferrer nofollow\"><strong>di\u00e9sel<\/strong><\/a>\u00a0bajar\u00e1 desde el 15 de diciembre, pasando de USD 2,80 a USD 2,78. Adem\u00e1s, adelant\u00f3 que a partir del 15 de febrero de 2026 el valor volver\u00e1 a reducirse, fij\u00e1ndose en USD 2,70 por gal\u00f3n.<\/p>\n<p>El anuncio del jefe de Estado ocurre luego de que el\u00a0<strong>Gobierno Nacional\u00a0<\/strong>y la Confederaci\u00f3n de Nacionalidades Ind\u00edgenas del Ecuador (<strong>Conaie<\/strong>) anunciaron el fin de las protestas contra el Ejecutivo, que alcanzaron los 31 d\u00edas este mi\u00e9rcoles, y que iniciaron justamente en rechazo por el alza del precio del di\u00e9sel.<\/p>\n<p>Actualmente, cada gal\u00f3n de di\u00e9sel se venden en Ecuador en USD 2,80. Ese precio rige desde el s\u00e1bado 13 de septiembre. Un d\u00eda antes, cada gal\u00f3n de este combustible se vend\u00eda en USD 1,80.<\/p>\n<p>Por otra parte, el mandatario reiter\u00f3 que el precio del cilindro de gas para uso dom\u00e9stico no subir\u00e1.<\/p>\n","protected":false},"excerpt":{"rendered":"<p>El presidente de la Rep\u00fablica,\u00a0Daniel Noboa, anunci\u00f3 este mi\u00e9rcoles 22 de octubre que el precio del gal\u00f3n de\u00a0di\u00e9sel\u00a0bajar\u00e1 desde el 15 de diciembre, pasando de USD 2,80 a USD 2,78. Adem\u00e1s, adelant\u00f3 que a partir del 15 de febrero de 2026 el valor volver\u00e1 a reducirse, fij\u00e1ndose en USD 2,70 por gal\u00f3n. El anuncio del [&hellip;]<\/p>\n","protected":false},"author":1,"featured_media":16668,"comment_status":"open","ping_status":"open","sticky":false,"template":"","format":"standard","meta":{"footnotes":""},"categories":[12],"tags":[],"_links":{"self":[{"href":"https:\/\/infozamoraec.com\/index.php\/wp-json\/wp\/v2\/posts\/16667"}],"collection":[{"href":"https:\/\/infozamoraec.com\/index.php\/wp-json\/wp\/v2\/posts"}],"about":[{"href":"https:\/\/infozamoraec.com\/index.php\/wp-json\/wp\/v2\/types\/post"}],"author":[{"embeddable":true,"href":"https:\/\/infozamoraec.com\/index.php\/wp-json\/wp\/v2\/users\/1"}],"replies":[{"embeddable":true,"href":"https:\/\/infozamoraec.com\/index.php\/wp-json\/wp\/v2\/comments?post=16667"}],"version-history":[{"count":1,"href":"https:\/\/infozamoraec.com\/index.php\/wp-json\/wp\/v2\/posts\/16667\/revisions"}],"predecessor-version":[{"id":16669,"href":"https:\/\/infozamoraec.com\/index.php\/wp-json\/wp\/v2\/posts\/16667\/revisions\/16669"}],"wp:featuredmedia":[{"embeddable":true,"href":"https:\/\/infozamoraec.com\/index.php\/wp-json\/wp\/v2\/media\/16668"}],"wp:attachment":[{"href":"https:\/\/infozamoraec.com\/index.php\/wp-json\/wp\/v2\/media?parent=16667"}],"wp:term":[{"taxonomy":"category","embeddable":true,"href":"https:\/\/infozamoraec.com\/index.php\/wp-json\/wp\/v2\/categories?post=16667"},{"taxonomy":"post_tag","embeddable":true,"href":"https:\/\/infozamoraec.com\/index.php\/wp-json\/wp\/v2\/tags?post=16667"}],"curies":[{"name":"wp","href":"https:\/\/api.w.org\/{rel}","templated":true}]}}