{"id":16663,"date":"2025-10-23T00:22:40","date_gmt":"2025-10-23T00:22:40","guid":{"rendered":"https:\/\/infozamoraec.com\/?p=16663"},"modified":"2025-10-23T00:23:08","modified_gmt":"2025-10-23T00:23:08","slug":"conaie-anuncia-el-cese-del-paro-tras-un-mes-de-protestas","status":"publish","type":"post","link":"https:\/\/infozamoraec.com\/index.php\/2025\/10\/23\/conaie-anuncia-el-cese-del-paro-tras-un-mes-de-protestas\/","title":{"rendered":"CONAIE anuncia \u00abel cese del paro\u00bb tras un mes de protestas"},"content":{"rendered":"<p>La Confederaci\u00f3n de Nacionalidades Ind\u00edgenas de Ecuador (Conaie) anunci\u00f3 este mi\u00e9rcoles el cese del paro que comenz\u00f3 hace un mes en rechazo a la eliminaci\u00f3n del subsidio al di\u00e9sel y otras demandas.<\/p>\n<p>\u00abAnte la brutal represi\u00f3n ordenada por el Gobierno de Daniel Noboa, con tres fallecidos y decenas de heridos, hemos tomado una decisi\u00f3n dif\u00edcil pero necesaria: el cese del Paro Nacional 2025, el despeje de las v\u00edas y el repliegue a los territorios para proteger la vida de nuestro pueblo\u00ab, se\u00f1al\u00f3 en un comunicado.<\/p>\n<p>El anuncio lo hizo pocas horas despu\u00e9s de que Noboa avisara que \u00abentre hoy y ma\u00f1ana\u00bb abrir\u00edan las v\u00edas de Imbabura, epicentro de las protestas.<\/p>\n<p>En un video en redes sociales, el presidente de la Conaie, Marlon Vargas, dijo que el anuncio de Noboa sobre la intervenci\u00f3n en Imbabura, les causa \u00abprofunda preocupaci\u00f3n\u00bb.<\/p>\n<p><strong>\u00abEste Gobierno ha demostrado que la violaci\u00f3n de los derechos humanos no representa un l\u00edmite para sus decisiones\u00bb<\/strong>, a\u00f1adi\u00f3 Vargas.<\/p>\n<div class=\"google-auto-placed\"><\/div>\n<p>&nbsp;<\/p>\n","protected":false},"excerpt":{"rendered":"<p>La Confederaci\u00f3n de Nacionalidades Ind\u00edgenas de Ecuador (Conaie) anunci\u00f3 este mi\u00e9rcoles el cese del paro que comenz\u00f3 hace un mes en rechazo a la eliminaci\u00f3n del subsidio al di\u00e9sel y otras demandas. \u00abAnte la brutal represi\u00f3n ordenada por el Gobierno de Daniel Noboa, con tres fallecidos y decenas de heridos, hemos tomado una decisi\u00f3n dif\u00edcil [&hellip;]<\/p>\n","protected":false},"author":1,"featured_media":16664,"comment_status":"open","ping_status":"open","sticky":false,"template":"","format":"standard","meta":{"footnotes":""},"categories":[12],"tags":[],"_links":{"self":[{"href":"https:\/\/infozamoraec.com\/index.php\/wp-json\/wp\/v2\/posts\/16663"}],"collection":[{"href":"https:\/\/infozamoraec.com\/index.php\/wp-json\/wp\/v2\/posts"}],"about":[{"href":"https:\/\/infozamoraec.com\/index.php\/wp-json\/wp\/v2\/types\/post"}],"author":[{"embeddable":true,"href":"https:\/\/infozamoraec.com\/index.php\/wp-json\/wp\/v2\/users\/1"}],"replies":[{"embeddable":true,"href":"https:\/\/infozamoraec.com\/index.php\/wp-json\/wp\/v2\/comments?post=16663"}],"version-history":[{"count":1,"href":"https:\/\/infozamoraec.com\/index.php\/wp-json\/wp\/v2\/posts\/16663\/revisions"}],"predecessor-version":[{"id":16665,"href":"https:\/\/infozamoraec.com\/index.php\/wp-json\/wp\/v2\/posts\/16663\/revisions\/16665"}],"wp:featuredmedia":[{"embeddable":true,"href":"https:\/\/infozamoraec.com\/index.php\/wp-json\/wp\/v2\/media\/16664"}],"wp:attachment":[{"href":"https:\/\/infozamoraec.com\/index.php\/wp-json\/wp\/v2\/media?parent=16663"}],"wp:term":[{"taxonomy":"category","embeddable":true,"href":"https:\/\/infozamoraec.com\/index.php\/wp-json\/wp\/v2\/categories?post=16663"},{"taxonomy":"post_tag","embeddable":true,"href":"https:\/\/infozamoraec.com\/index.php\/wp-json\/wp\/v2\/tags?post=16663"}],"curies":[{"name":"wp","href":"https:\/\/api.w.org\/{rel}","templated":true}]}}