{"id":16660,"date":"2025-10-23T00:20:43","date_gmt":"2025-10-23T00:20:43","guid":{"rendered":"https:\/\/infozamoraec.com\/?p=16660"},"modified":"2025-10-23T00:20:43","modified_gmt":"2025-10-23T00:20:43","slug":"militares-y-policias-restablecen-la-libre-movilidad-en-imbabura","status":"publish","type":"post","link":"https:\/\/infozamoraec.com\/index.php\/2025\/10\/23\/militares-y-policias-restablecen-la-libre-movilidad-en-imbabura\/","title":{"rendered":"Militares y polic\u00edas restablecen la libre movilidad en Imbabura"},"content":{"rendered":"<p>Decenas de polici\u00edas y militares comenzaron a habilitar las v\u00edas en la provincia de Imbabura, epicentro de las protestas, luego de que la convocante del paro, la Confederaci\u00f3n de Nacionalidades Ind\u00edgenas (Conaie), anunciara este mi\u00e9rcoles el cese de la medida de fuerza, que comenz\u00f3 el pasado 22 de septiembre.<\/p>\n<p>La Conaie levant\u00f3 el paro (convocado contra el alza del di\u00e9sel y al que sum\u00f3 luego otras demandas) unas cuatro horas despu\u00e9s de que el jefe de Estado, Daniel Noboa, advirtiera que \u00abentre hoy y ma\u00f1ana\u00bb se abrir\u00edan las v\u00edas de Imbabura.<\/p>\n<p>En un video en redes sociales, el presidente de la Conaie, Marlon Vargas, anunci\u00f3, adem\u00e1s, el despeje de las v\u00edas y \u00abel repliegue a los territorios para proteger la vida de nuestro pueblo\u00bb.<\/p>\n<p>Sin embargo, se evidenci\u00f3 una divisi\u00f3n del movimiento cuando dirigentes ind\u00edgenas de las provincia de Imbabura aseguraron que se mantienen en resistencia -sin especificar lo que ello conlleva-, y que el jueves protagonizar\u00e1n una gran marcha, por lo que pidieron p\u00fablicamente que las fuerzas del orden no los repriman.<\/p>\n<p>Mientras tanto, el ministro del Interior, John Reimberg, inform\u00f3 en X que la Polic\u00eda Nacional se dispuso \u00abiniciar con el retiro de obst\u00e1culos tanto en las ciudades afectadas, como la apertura completa de v\u00edas\u00bb.<\/p>\n<p>\u00abCumplimos con lo que todo el Ecuador pidi\u00f3. Gracias a nuestro pueblo y al Bloque de Seguridad, los que est\u00e1n en contra del progreso ya no tienen cabida\u00bb, escribi\u00f3 por su lado el ministro de Defensa, Gian Carlo Loffredo.<\/p>\n<p>Henry Delgado, Jefe del Comando Conjunto de las Fuerzas Armadas, apunt\u00f3: \u00abLa misi\u00f3n que tenemos, es la apertura inmediata de todas las v\u00edas y la toma de la provincia de Imbabura. No puede ser posible que una cantidad de ciudadanos quieran imponer por sobre los 18 millones de ecuatorianos, eso no lo vamos a permitir\u00bb.<\/p>\n","protected":false},"excerpt":{"rendered":"<p>Decenas de polici\u00edas y militares comenzaron a habilitar las v\u00edas en la provincia de Imbabura, epicentro de las protestas, luego de que la convocante del paro, la Confederaci\u00f3n de Nacionalidades Ind\u00edgenas (Conaie), anunciara este mi\u00e9rcoles el cese de la medida de fuerza, que comenz\u00f3 el pasado 22 de septiembre. La Conaie levant\u00f3 el paro (convocado [&hellip;]<\/p>\n","protected":false},"author":1,"featured_media":16661,"comment_status":"open","ping_status":"open","sticky":false,"template":"","format":"standard","meta":{"footnotes":""},"categories":[12],"tags":[],"_links":{"self":[{"href":"https:\/\/infozamoraec.com\/index.php\/wp-json\/wp\/v2\/posts\/16660"}],"collection":[{"href":"https:\/\/infozamoraec.com\/index.php\/wp-json\/wp\/v2\/posts"}],"about":[{"href":"https:\/\/infozamoraec.com\/index.php\/wp-json\/wp\/v2\/types\/post"}],"author":[{"embeddable":true,"href":"https:\/\/infozamoraec.com\/index.php\/wp-json\/wp\/v2\/users\/1"}],"replies":[{"embeddable":true,"href":"https:\/\/infozamoraec.com\/index.php\/wp-json\/wp\/v2\/comments?post=16660"}],"version-history":[{"count":1,"href":"https:\/\/infozamoraec.com\/index.php\/wp-json\/wp\/v2\/posts\/16660\/revisions"}],"predecessor-version":[{"id":16662,"href":"https:\/\/infozamoraec.com\/index.php\/wp-json\/wp\/v2\/posts\/16660\/revisions\/16662"}],"wp:featuredmedia":[{"embeddable":true,"href":"https:\/\/infozamoraec.com\/index.php\/wp-json\/wp\/v2\/media\/16661"}],"wp:attachment":[{"href":"https:\/\/infozamoraec.com\/index.php\/wp-json\/wp\/v2\/media?parent=16660"}],"wp:term":[{"taxonomy":"category","embeddable":true,"href":"https:\/\/infozamoraec.com\/index.php\/wp-json\/wp\/v2\/categories?post=16660"},{"taxonomy":"post_tag","embeddable":true,"href":"https:\/\/infozamoraec.com\/index.php\/wp-json\/wp\/v2\/tags?post=16660"}],"curies":[{"name":"wp","href":"https:\/\/api.w.org\/{rel}","templated":true}]}}