{"id":16648,"date":"2025-10-22T23:47:49","date_gmt":"2025-10-22T23:47:49","guid":{"rendered":"https:\/\/infozamoraec.com\/?p=16648"},"modified":"2025-10-22T23:48:00","modified_gmt":"2025-10-22T23:48:00","slug":"listo-el-segundo-festival-de-la-colada-morada-y-guaguas-de-pan-en-yantzaza","status":"publish","type":"post","link":"https:\/\/infozamoraec.com\/index.php\/2025\/10\/22\/listo-el-segundo-festival-de-la-colada-morada-y-guaguas-de-pan-en-yantzaza\/","title":{"rendered":"Listo el segundo Festival de la Colada Morada y Guaguas de Pan en Yantzaza"},"content":{"rendered":"<p>El coraz\u00f3n de Yantzaza volver\u00e1 a llenarse de aromas, colores y alegr\u00eda con el Segundo Festival de la Colada Morada y Guaguas de Pan que se desarrollar\u00e1 este viernes 31 de octubre, en el Parque Central de\u00a0 Yantzaza, desde las 08h00.<\/p>\n<p>Durante toda la jornada, las familias, instituciones y emprendedores locales compartir\u00e1n su talento y creatividad elaborando las m\u00e1s deliciosas coladas moradas y guaguas de pan, preparaciones que evocan uni\u00f3n, respeto y amor por nuestras costumbres. Adem\u00e1s, habr\u00e1 premios para los participantes m\u00e1s destacados, reconociendo ese toque especial que cada uno pone desde el coraz\u00f3n.<\/p>\n<p>Diego Olmedo, Coordinador de turismo explic\u00f3: \u201cdentro de las actividades del festival tenemos actividades culturales, art\u00edsticas, gastron\u00f3micas y concursos; danzas, m\u00fasica, body paint, las mu\u00f1idoras, caritas pintadas, degustaci\u00f3n y demostraci\u00f3n de la colada morada y guaguas de pan, tambi\u00e9n hay 3 concursos denominados: mejor identidad cultural, la colada morada m\u00e1s exquisita y la figura de pan m\u00e1s creativa\u201d, expres\u00f3.<\/p>\n<p>Si gustas ser parte de los concursos, puedes inscribirte en la Unidad de Turismo, ubicado en el ITUR del Parque Central, o llamando al: 098 151 2163.<br \/>\nLa Alcald\u00eda de Yantzaza invita a toda la ciudadan\u00eda a ser parte de esta celebraci\u00f3n que rinde homenaje a nuestras ra\u00edces y fortalece el esp\u00edritu comunitario. Una jornada para disfrutar, compartir y recordar que las tradiciones se mantienen vivas cuando las vivimos juntos.<\/p>\n","protected":false},"excerpt":{"rendered":"<p>El coraz\u00f3n de Yantzaza volver\u00e1 a llenarse de aromas, colores y alegr\u00eda con el Segundo Festival de la Colada Morada y Guaguas de Pan que se desarrollar\u00e1 este viernes 31 de octubre, en el Parque Central de\u00a0 Yantzaza, desde las 08h00. Durante toda la jornada, las familias, instituciones y emprendedores locales compartir\u00e1n su talento y [&hellip;]<\/p>\n","protected":false},"author":1,"featured_media":16649,"comment_status":"open","ping_status":"open","sticky":false,"template":"","format":"standard","meta":{"footnotes":""},"categories":[9],"tags":[],"_links":{"self":[{"href":"https:\/\/infozamoraec.com\/index.php\/wp-json\/wp\/v2\/posts\/16648"}],"collection":[{"href":"https:\/\/infozamoraec.com\/index.php\/wp-json\/wp\/v2\/posts"}],"about":[{"href":"https:\/\/infozamoraec.com\/index.php\/wp-json\/wp\/v2\/types\/post"}],"author":[{"embeddable":true,"href":"https:\/\/infozamoraec.com\/index.php\/wp-json\/wp\/v2\/users\/1"}],"replies":[{"embeddable":true,"href":"https:\/\/infozamoraec.com\/index.php\/wp-json\/wp\/v2\/comments?post=16648"}],"version-history":[{"count":2,"href":"https:\/\/infozamoraec.com\/index.php\/wp-json\/wp\/v2\/posts\/16648\/revisions"}],"predecessor-version":[{"id":16651,"href":"https:\/\/infozamoraec.com\/index.php\/wp-json\/wp\/v2\/posts\/16648\/revisions\/16651"}],"wp:featuredmedia":[{"embeddable":true,"href":"https:\/\/infozamoraec.com\/index.php\/wp-json\/wp\/v2\/media\/16649"}],"wp:attachment":[{"href":"https:\/\/infozamoraec.com\/index.php\/wp-json\/wp\/v2\/media?parent=16648"}],"wp:term":[{"taxonomy":"category","embeddable":true,"href":"https:\/\/infozamoraec.com\/index.php\/wp-json\/wp\/v2\/categories?post=16648"},{"taxonomy":"post_tag","embeddable":true,"href":"https:\/\/infozamoraec.com\/index.php\/wp-json\/wp\/v2\/tags?post=16648"}],"curies":[{"name":"wp","href":"https:\/\/api.w.org\/{rel}","templated":true}]}}