{"id":16643,"date":"2025-10-22T23:44:37","date_gmt":"2025-10-22T23:44:37","guid":{"rendered":"https:\/\/infozamoraec.com\/?p=16643"},"modified":"2025-10-22T23:44:54","modified_gmt":"2025-10-22T23:44:54","slug":"unidad-educativa-12-de-febrero-obtiene-segundo-lugar-en-feria-binacional-de-ciencia-y-tecnologia-ecuador-peru-2025","status":"publish","type":"post","link":"https:\/\/infozamoraec.com\/index.php\/2025\/10\/22\/unidad-educativa-12-de-febrero-obtiene-segundo-lugar-en-feria-binacional-de-ciencia-y-tecnologia-ecuador-peru-2025\/","title":{"rendered":"Unidad Educativa \u201c12 de Febrero\u201d obtiene segundo lugar en Feria Binacional de Ciencia y Tecnolog\u00eda Ecuador\u2013Per\u00fa 2025"},"content":{"rendered":"<p data-start=\"124\" data-end=\"568\">La <strong data-start=\"165\" data-end=\"201\">Unidad Educativa \u201c12 de Febrero\u201d\u00a0 de la ciudad de Zamora<\/strong>\u00a0alcanz\u00f3 el <strong data-start=\"213\" data-end=\"253\">segundo lugar en el \u00e1rea de Ciencias<\/strong> durante la <strong data-start=\"265\" data-end=\"339\">XXI Feria Escolar Binacional de Ciencia y Tecnolog\u00eda Ecuador\u2013Per\u00fa 2025<\/strong>, gracias al proyecto <strong data-start=\"361\" data-end=\"421\" data-is-only-node=\"\">\u201cNUTRISUERO: Bebida hidratante y suplemento alimenticio\u201d<\/strong>, desarrollado por los estudiantes <strong data-start=\"456\" data-end=\"487\">Karen Dayana Caama\u00f1o Nantip<\/strong> y <strong data-start=\"490\" data-end=\"519\">Luis Dariel Torres Torres<\/strong>, bajo la tutor\u00eda de la <strong data-start=\"543\" data-end=\"565\">Mgs. Dalia I\u00f1iguez<\/strong>.<\/p>\n<p data-start=\"570\" data-end=\"882\">El evento acad\u00e9mico se realiz\u00f3 del <strong data-start=\"605\" data-end=\"628\">15 al 17 de octubre<\/strong> en las instalaciones de la <strong data-start=\"656\" data-end=\"700\">Universidad Nacional de Educaci\u00f3n (UNAE)<\/strong>, en la parroquia Javier Loyola, <strong data-start=\"733\" data-end=\"744\">Azogues<\/strong>, y reuni\u00f3 a j\u00f3venes talentos de ambos pa\u00edses con propuestas innovadoras orientadas al desarrollo cient\u00edfico y tecnol\u00f3gico de la regi\u00f3n.<\/p>\n<p data-start=\"884\" data-end=\"1129\">El proyecto <strong data-start=\"896\" data-end=\"910\">NUTRISUERO<\/strong> destac\u00f3 por su <strong data-start=\"926\" data-end=\"961\">enfoque cient\u00edfico y sostenible<\/strong> al abordar problem\u00e1ticas relacionadas con la <strong data-start=\"1007\" data-end=\"1034\">nutrici\u00f3n e hidrataci\u00f3n<\/strong>, proponiendo una alternativa pr\u00e1ctica que combina la investigaci\u00f3n con la aplicaci\u00f3n social.<\/p>\n<p data-start=\"1131\" data-end=\"1412\" data-is-last-node=\"\" data-is-only-node=\"\">La instituci\u00f3n educativa expres\u00f3 su <strong data-start=\"1167\" data-end=\"1199\">felicitaci\u00f3n a la delegaci\u00f3n<\/strong> por su esfuerzo y compromiso, resaltando que este reconocimiento <strong data-start=\"1265\" data-end=\"1339\">enaltece a la comunidad educativa y a la provincia de Zamora Chinchipe<\/strong>, consolidando el prestigio del plantel a nivel nacional e internacional.<\/p>\n","protected":false},"excerpt":{"rendered":"<p>La Unidad Educativa \u201c12 de Febrero\u201d\u00a0 de la ciudad de Zamora\u00a0alcanz\u00f3 el segundo lugar en el \u00e1rea de Ciencias durante la XXI Feria Escolar Binacional de Ciencia y Tecnolog\u00eda Ecuador\u2013Per\u00fa 2025, gracias al proyecto \u201cNUTRISUERO: Bebida hidratante y suplemento alimenticio\u201d, desarrollado por los estudiantes Karen Dayana Caama\u00f1o Nantip y Luis Dariel Torres Torres, bajo la [&hellip;]<\/p>\n","protected":false},"author":1,"featured_media":16647,"comment_status":"open","ping_status":"open","sticky":false,"template":"","format":"standard","meta":{"footnotes":""},"categories":[9],"tags":[],"_links":{"self":[{"href":"https:\/\/infozamoraec.com\/index.php\/wp-json\/wp\/v2\/posts\/16643"}],"collection":[{"href":"https:\/\/infozamoraec.com\/index.php\/wp-json\/wp\/v2\/posts"}],"about":[{"href":"https:\/\/infozamoraec.com\/index.php\/wp-json\/wp\/v2\/types\/post"}],"author":[{"embeddable":true,"href":"https:\/\/infozamoraec.com\/index.php\/wp-json\/wp\/v2\/users\/1"}],"replies":[{"embeddable":true,"href":"https:\/\/infozamoraec.com\/index.php\/wp-json\/wp\/v2\/comments?post=16643"}],"version-history":[{"count":1,"href":"https:\/\/infozamoraec.com\/index.php\/wp-json\/wp\/v2\/posts\/16643\/revisions"}],"predecessor-version":[{"id":16646,"href":"https:\/\/infozamoraec.com\/index.php\/wp-json\/wp\/v2\/posts\/16643\/revisions\/16646"}],"wp:featuredmedia":[{"embeddable":true,"href":"https:\/\/infozamoraec.com\/index.php\/wp-json\/wp\/v2\/media\/16647"}],"wp:attachment":[{"href":"https:\/\/infozamoraec.com\/index.php\/wp-json\/wp\/v2\/media?parent=16643"}],"wp:term":[{"taxonomy":"category","embeddable":true,"href":"https:\/\/infozamoraec.com\/index.php\/wp-json\/wp\/v2\/categories?post=16643"},{"taxonomy":"post_tag","embeddable":true,"href":"https:\/\/infozamoraec.com\/index.php\/wp-json\/wp\/v2\/tags?post=16643"}],"curies":[{"name":"wp","href":"https:\/\/api.w.org\/{rel}","templated":true}]}}