{"id":16631,"date":"2025-10-22T20:21:01","date_gmt":"2025-10-22T20:21:01","guid":{"rendered":"https:\/\/infozamoraec.com\/?p=16631"},"modified":"2025-10-22T20:22:08","modified_gmt":"2025-10-22T20:22:08","slug":"zamora-chinchipe-se-une-a-la-campana-nacional-de-limpieza-de-playas-y-cuerpos-hidricos-2025","status":"publish","type":"post","link":"https:\/\/infozamoraec.com\/index.php\/2025\/10\/22\/zamora-chinchipe-se-une-a-la-campana-nacional-de-limpieza-de-playas-y-cuerpos-hidricos-2025\/","title":{"rendered":"Zamora Chinchipe se une a la campa\u00f1a nacional de limpieza de playas y cuerpos h\u00eddricos 2025"},"content":{"rendered":"<p data-start=\"99\" data-end=\"555\">En el marco de la <strong data-start=\"164\" data-end=\"230\">Campa\u00f1a Nacional de Limpieza de Playas y Cuerpos H\u00eddricos 2025<\/strong>, el <strong data-start=\"235\" data-end=\"272\">Ministerio del Ambiente y Energ\u00eda<\/strong>, a trav\u00e9s de su <strong data-start=\"289\" data-end=\"311\">Direcci\u00f3n Zonal 10<\/strong> en Zamora Chinchipe, liderada por <strong data-start=\"346\" data-end=\"362\">Byron Medina<\/strong>, promueve una jornada de acci\u00f3n ambiental orientada a fortalecer la gesti\u00f3n responsable de los residuos s\u00f3lidos y fomentar la conciencia ciudadana en el cuidado de los ecosistemas acu\u00e1ticos.<\/p>\n<p data-start=\"557\" data-end=\"951\">De acuerdo con Medina, esta campa\u00f1a \u2014que se realiza de forma ininterrumpida desde 2010\u2014 cuenta con la participaci\u00f3n de m\u00e1s de <strong data-start=\"683\" data-end=\"697\">120 pa\u00edses<\/strong> y miles de voluntarios que se suman a una jornada simult\u00e1nea de limpieza, educaci\u00f3n y monitoreo ambiental. En la edici\u00f3n 2024, <strong data-start=\"825\" data-end=\"846\">ocho mil personas<\/strong> intervinieron en <strong data-start=\"864\" data-end=\"878\">115 puntos<\/strong> del pa\u00eds, logrando recolectar m\u00e1s de <strong data-start=\"916\" data-end=\"948\">1.400 kilogramos de desechos<\/strong>.<\/p>\n<blockquote data-start=\"953\" data-end=\"1186\">\n<p data-start=\"955\" data-end=\"1186\">\u201cEste evento busca socializar con la ciudadan\u00eda la importancia de una buena gesti\u00f3n y destino final de los desechos, fortaleciendo las pol\u00edticas nacionales de conservaci\u00f3n ambiental y la corresponsabilidad social\u201d, se\u00f1al\u00f3 Medina.<\/p>\n<\/blockquote>\n<h3 data-start=\"1188\" data-end=\"1233\">Cuatro puntos de acci\u00f3n en la provincia<\/h3>\n<p data-start=\"1234\" data-end=\"1375\">Para esta edici\u00f3n, la Direcci\u00f3n Zonal 10 ha establecido <strong data-start=\"1290\" data-end=\"1336\">cuatro puntos estrat\u00e9gicos de intervenci\u00f3n<\/strong> en la provincia de Zamora Chinchipe:<\/p>\n<ul data-start=\"1376\" data-end=\"1573\">\n<li data-start=\"1376\" data-end=\"1432\">\n<p data-start=\"1378\" data-end=\"1432\">R\u00edo Bombuscaro y r\u00edo Zamora, en la ciudad de Zamora.<\/p>\n<\/li>\n<li data-start=\"1433\" data-end=\"1478\">\n<p data-start=\"1435\" data-end=\"1478\">Quebrada Yantzaza, en el cant\u00f3n Yantzaza.<\/p>\n<\/li>\n<li data-start=\"1479\" data-end=\"1526\">\n<p data-start=\"1481\" data-end=\"1526\">Quebrada Guayzimi, en el cant\u00f3n Nangaritza.<\/p>\n<\/li>\n<li data-start=\"1527\" data-end=\"1573\">\n<p data-start=\"1529\" data-end=\"1573\">Quebrada Valladolid, en el cant\u00f3n Palanda.<\/p>\n<\/li>\n<\/ul>\n<p data-start=\"1575\" data-end=\"1735\">En estos lugares se desarrollar\u00e1n actividades de limpieza y sensibilizaci\u00f3n con la participaci\u00f3n de instituciones p\u00fablicas, autoridades locales y voluntarios.<\/p>\n<h3 data-start=\"1737\" data-end=\"1775\">Trabajo conjunto por el ambiente<\/h3>\n<p data-start=\"1776\" data-end=\"2046\">La iniciativa cuenta con el respaldo de los <strong data-start=\"1820\" data-end=\"1960\">GAD municipales, Polic\u00eda Nacional, Fuerzas Armadas, Cruz Roja, Cuerpo de Bomberos, instituciones educativas y organizaciones ambientales<\/strong>, que colaborar\u00e1n en la recolecci\u00f3n, transporte y disposici\u00f3n final de los desechos.<\/p>\n<p data-start=\"2048\" data-end=\"2226\">Adem\u00e1s, el Ministerio del Ambiente impulsa talleres y jornadas educativas en escuelas y comunidades, con el fin de promover la responsabilidad ambiental desde edades tempranas.<\/p>\n<blockquote data-start=\"2228\" data-end=\"2461\">\n<p data-start=\"2230\" data-end=\"2461\">\u201cTrabajamos con juntas administradoras de agua y GAD locales para promover \u00e1reas de conservaci\u00f3n y protecci\u00f3n h\u00eddrica, asegurando el uso sostenible del recurso y su preservaci\u00f3n para futuras generaciones\u201d, destac\u00f3 el funcionario.<\/p>\n<\/blockquote>\n","protected":false},"excerpt":{"rendered":"<p>En el marco de la Campa\u00f1a Nacional de Limpieza de Playas y Cuerpos H\u00eddricos 2025, el Ministerio del Ambiente y Energ\u00eda, a trav\u00e9s de su Direcci\u00f3n Zonal 10 en Zamora Chinchipe, liderada por Byron Medina, promueve una jornada de acci\u00f3n ambiental orientada a fortalecer la gesti\u00f3n responsable de los residuos s\u00f3lidos y fomentar la conciencia [&hellip;]<\/p>\n","protected":false},"author":1,"featured_media":16632,"comment_status":"open","ping_status":"open","sticky":false,"template":"","format":"standard","meta":{"footnotes":""},"categories":[9],"tags":[],"_links":{"self":[{"href":"https:\/\/infozamoraec.com\/index.php\/wp-json\/wp\/v2\/posts\/16631"}],"collection":[{"href":"https:\/\/infozamoraec.com\/index.php\/wp-json\/wp\/v2\/posts"}],"about":[{"href":"https:\/\/infozamoraec.com\/index.php\/wp-json\/wp\/v2\/types\/post"}],"author":[{"embeddable":true,"href":"https:\/\/infozamoraec.com\/index.php\/wp-json\/wp\/v2\/users\/1"}],"replies":[{"embeddable":true,"href":"https:\/\/infozamoraec.com\/index.php\/wp-json\/wp\/v2\/comments?post=16631"}],"version-history":[{"count":3,"href":"https:\/\/infozamoraec.com\/index.php\/wp-json\/wp\/v2\/posts\/16631\/revisions"}],"predecessor-version":[{"id":16636,"href":"https:\/\/infozamoraec.com\/index.php\/wp-json\/wp\/v2\/posts\/16631\/revisions\/16636"}],"wp:featuredmedia":[{"embeddable":true,"href":"https:\/\/infozamoraec.com\/index.php\/wp-json\/wp\/v2\/media\/16632"}],"wp:attachment":[{"href":"https:\/\/infozamoraec.com\/index.php\/wp-json\/wp\/v2\/media?parent=16631"}],"wp:term":[{"taxonomy":"category","embeddable":true,"href":"https:\/\/infozamoraec.com\/index.php\/wp-json\/wp\/v2\/categories?post=16631"},{"taxonomy":"post_tag","embeddable":true,"href":"https:\/\/infozamoraec.com\/index.php\/wp-json\/wp\/v2\/tags?post=16631"}],"curies":[{"name":"wp","href":"https:\/\/api.w.org\/{rel}","templated":true}]}}