{"id":16623,"date":"2025-10-22T01:08:17","date_gmt":"2025-10-22T01:08:17","guid":{"rendered":"https:\/\/infozamoraec.com\/?p=16623"},"modified":"2025-10-22T01:08:49","modified_gmt":"2025-10-22T01:08:49","slug":"sismo-de-magnitud-6-1-se-registro-en-la-provincia-de-el-oro-y-se-sintio-en-varias-ciudades-del-pais","status":"publish","type":"post","link":"https:\/\/infozamoraec.com\/index.php\/2025\/10\/22\/sismo-de-magnitud-6-1-se-registro-en-la-provincia-de-el-oro-y-se-sintio-en-varias-ciudades-del-pais\/","title":{"rendered":"Sismo de magnitud 6.1 se registr\u00f3 en la provincia de El Oro y se sinti\u00f3 en varias ciudades del pa\u00eds"},"content":{"rendered":"<p>El Oro, Ecuador. \u2013 Un sismo de magnitud 6.1 se registr\u00f3 la noche de este martes 21 de octubre de 2025 en la provincia de El Oro, seg\u00fan report\u00f3 el Instituto Geof\u00edsico (IG) de la Escuela Polit\u00e9cnica Nacional. El movimiento tel\u00farico, ocurrido pasadas las 19:00, tuvo su epicentro a 11,5 kil\u00f3metros del cant\u00f3n Arenillas y una profundidad de 83 kil\u00f3metros.<\/p>\n<p>El temblor fue percibido con fuerza en varias ciudades de la Costa como Guayaquil, Manta y Dur\u00e1n, y tambi\u00e9n en sectores de la Sierra, entre ellos Loja, Cuenca y Ambato, donde usuarios reportaron el movimiento a trav\u00e9s de redes sociales.<\/p>\n<p>El Instituto Oceanogr\u00e1fico y Ant\u00e1rtico de la Armada (INOCAR) inform\u00f3 en un bolet\u00edn\u00a0 que el sismo \u201cno re\u00fane las condiciones necesarias para generar un tsunami en la costa continental e insular del pa\u00eds\u201d.<\/p>\n<p>Por su parte, la Coordinaci\u00f3n Zonal 7 del ECU 911 se\u00f1al\u00f3 que \u201cno se registran novedades relevantes tras el sismo registrado con epicentro en Arenillas, El Oro\u201d. Sin embargo, las autoridades mantienen el monitoreo preventivo en toda la zona afectada.<\/p>\n<p>En Machala, varias personas salieron a las calles y espacios abiertos por precauci\u00f3n, seg\u00fan se observ\u00f3 en im\u00e1genes difundidas por las autoridades locales.<\/p>\n<p>Hasta el cierre de esta nota, no se reportan da\u00f1os materiales de consideraci\u00f3n ni personas afectadas. Las entidades de emergencia contin\u00faan evaluando la situaci\u00f3n y recomiendan a la ciudadan\u00eda mantener la calma y seguir las fuentes oficiales de informaci\u00f3n.<\/p>\n","protected":false},"excerpt":{"rendered":"<p>El Oro, Ecuador. \u2013 Un sismo de magnitud 6.1 se registr\u00f3 la noche de este martes 21 de octubre de 2025 en la provincia de El Oro, seg\u00fan report\u00f3 el Instituto Geof\u00edsico (IG) de la Escuela Polit\u00e9cnica Nacional. El movimiento tel\u00farico, ocurrido pasadas las 19:00, tuvo su epicentro a 11,5 kil\u00f3metros del cant\u00f3n Arenillas y [&hellip;]<\/p>\n","protected":false},"author":1,"featured_media":16624,"comment_status":"open","ping_status":"open","sticky":false,"template":"","format":"standard","meta":{"footnotes":""},"categories":[12],"tags":[],"_links":{"self":[{"href":"https:\/\/infozamoraec.com\/index.php\/wp-json\/wp\/v2\/posts\/16623"}],"collection":[{"href":"https:\/\/infozamoraec.com\/index.php\/wp-json\/wp\/v2\/posts"}],"about":[{"href":"https:\/\/infozamoraec.com\/index.php\/wp-json\/wp\/v2\/types\/post"}],"author":[{"embeddable":true,"href":"https:\/\/infozamoraec.com\/index.php\/wp-json\/wp\/v2\/users\/1"}],"replies":[{"embeddable":true,"href":"https:\/\/infozamoraec.com\/index.php\/wp-json\/wp\/v2\/comments?post=16623"}],"version-history":[{"count":2,"href":"https:\/\/infozamoraec.com\/index.php\/wp-json\/wp\/v2\/posts\/16623\/revisions"}],"predecessor-version":[{"id":16626,"href":"https:\/\/infozamoraec.com\/index.php\/wp-json\/wp\/v2\/posts\/16623\/revisions\/16626"}],"wp:featuredmedia":[{"embeddable":true,"href":"https:\/\/infozamoraec.com\/index.php\/wp-json\/wp\/v2\/media\/16624"}],"wp:attachment":[{"href":"https:\/\/infozamoraec.com\/index.php\/wp-json\/wp\/v2\/media?parent=16623"}],"wp:term":[{"taxonomy":"category","embeddable":true,"href":"https:\/\/infozamoraec.com\/index.php\/wp-json\/wp\/v2\/categories?post=16623"},{"taxonomy":"post_tag","embeddable":true,"href":"https:\/\/infozamoraec.com\/index.php\/wp-json\/wp\/v2\/tags?post=16623"}],"curies":[{"name":"wp","href":"https:\/\/api.w.org\/{rel}","templated":true}]}}