{"id":16619,"date":"2025-10-22T01:01:40","date_gmt":"2025-10-22T01:01:40","guid":{"rendered":"https:\/\/infozamoraec.com\/?p=16619"},"modified":"2025-10-22T01:01:40","modified_gmt":"2025-10-22T01:01:40","slug":"presentan-acusacion-contra-evo-morales-por-trata-de-personas","status":"publish","type":"post","link":"https:\/\/infozamoraec.com\/index.php\/2025\/10\/22\/presentan-acusacion-contra-evo-morales-por-trata-de-personas\/","title":{"rendered":"Presentan acusaci\u00f3n contra Evo Morales por trata de personas"},"content":{"rendered":"<p>La fiscal\u00eda de Tarija present\u00f3 este martes (21.10.2025) la acusaci\u00f3n formal contra el expresidente boliviano Evo Morales por el delito de trata agravada de personas, lo que significa que el juez del proceso debe se\u00f1alar una fecha para que comience el juicio en su contra.<\/p>\n<p>La fiscal departamental de Tarija, Sandra Guti\u00e9rrez, indic\u00f3 que se lleg\u00f3 a esta instancia del proceso penal contra Morales despu\u00e9s de haber realizado un an\u00e1lisis \u00abminucioso\u00bb de todas las pruebas e informes recopilados durante la etapa preparatoria.<\/p>\n<p>\u00abVamos a estar a la espera de lo que establece el procedimiento penal para que una vez que el juez analice todo esto, tendr\u00e1 que pasarlo al tribunal correspondiente para que se\u00f1ale d\u00eda y hora para que se lleve adelante el juicio oral\u00bb, dijo Guti\u00e9rrez en una rueda de prensa.<\/p>\n<p>Morales se refugia tras orden de captura por presunta relaci\u00f3n con menor<br \/>\nEn octubre de 2024, Guti\u00e9rrez dict\u00f3 una orden de captura contra el exmandatario, que posteriormente fue refrendada por un juzgado de Tarija, por supuestamente tener un hijo con una menor de edad en 2016, cuando era presidente de Bolivia.<\/p>\n<p>A principios de este a\u00f1o, un tribunal judicial declar\u00f3 en rebeld\u00eda a Morales, despu\u00e9s de que el pol\u00edtico no se presentara en dos ocasiones a una audiencia que deb\u00eda resolver la acusaci\u00f3n en su contra por trata agravada de personas.<\/p>\n<p>Por este caso, los seguidores del expresidente bloquearon carreteras para evitar su detenci\u00f3n en 2024 y Morales no ha salido desde octubre del a\u00f1o pasado del Tr\u00f3pico de Cochabamba, su basti\u00f3n pol\u00edtico y sindical, donde permanece resguardado por centenares de sus aliados.<\/p>\n<p>rr afp\/la raz\u00f3n\/erbol<\/p>\n","protected":false},"excerpt":{"rendered":"<p>La fiscal\u00eda de Tarija present\u00f3 este martes (21.10.2025) la acusaci\u00f3n formal contra el expresidente boliviano Evo Morales por el delito de trata agravada de personas, lo que significa que el juez del proceso debe se\u00f1alar una fecha para que comience el juicio en su contra. La fiscal departamental de Tarija, Sandra Guti\u00e9rrez, indic\u00f3 que se [&hellip;]<\/p>\n","protected":false},"author":1,"featured_media":16621,"comment_status":"open","ping_status":"open","sticky":false,"template":"","format":"standard","meta":{"footnotes":""},"categories":[8],"tags":[],"_links":{"self":[{"href":"https:\/\/infozamoraec.com\/index.php\/wp-json\/wp\/v2\/posts\/16619"}],"collection":[{"href":"https:\/\/infozamoraec.com\/index.php\/wp-json\/wp\/v2\/posts"}],"about":[{"href":"https:\/\/infozamoraec.com\/index.php\/wp-json\/wp\/v2\/types\/post"}],"author":[{"embeddable":true,"href":"https:\/\/infozamoraec.com\/index.php\/wp-json\/wp\/v2\/users\/1"}],"replies":[{"embeddable":true,"href":"https:\/\/infozamoraec.com\/index.php\/wp-json\/wp\/v2\/comments?post=16619"}],"version-history":[{"count":1,"href":"https:\/\/infozamoraec.com\/index.php\/wp-json\/wp\/v2\/posts\/16619\/revisions"}],"predecessor-version":[{"id":16622,"href":"https:\/\/infozamoraec.com\/index.php\/wp-json\/wp\/v2\/posts\/16619\/revisions\/16622"}],"wp:featuredmedia":[{"embeddable":true,"href":"https:\/\/infozamoraec.com\/index.php\/wp-json\/wp\/v2\/media\/16621"}],"wp:attachment":[{"href":"https:\/\/infozamoraec.com\/index.php\/wp-json\/wp\/v2\/media?parent=16619"}],"wp:term":[{"taxonomy":"category","embeddable":true,"href":"https:\/\/infozamoraec.com\/index.php\/wp-json\/wp\/v2\/categories?post=16619"},{"taxonomy":"post_tag","embeddable":true,"href":"https:\/\/infozamoraec.com\/index.php\/wp-json\/wp\/v2\/tags?post=16619"}],"curies":[{"name":"wp","href":"https:\/\/api.w.org\/{rel}","templated":true}]}}