{"id":16616,"date":"2025-10-22T00:58:04","date_gmt":"2025-10-22T00:58:04","guid":{"rendered":"https:\/\/infozamoraec.com\/?p=16616"},"modified":"2025-10-22T00:58:04","modified_gmt":"2025-10-22T00:58:04","slug":"costa-rica-desarticula-red-narco-con-vinculos-en-colombia","status":"publish","type":"post","link":"https:\/\/infozamoraec.com\/index.php\/2025\/10\/22\/costa-rica-desarticula-red-narco-con-vinculos-en-colombia\/","title":{"rendered":"Costa Rica desarticula red narco con v\u00ednculos en Colombia"},"content":{"rendered":"<p>Las autoridades de Costa Rica desarticularon el martes (21.10.2025) una organizaci\u00f3n del narcotr\u00e1fico con v\u00ednculos en Colombia, conformada por personas de ambos pa\u00edses y a la que en los \u00faltimos a\u00f1os le decomisaron unas siete toneladas de drogas.<\/p>\n<p>\u00abEs una organizaci\u00f3n trasnacional dedicada al tr\u00e1fico internacional de drogas. Estas personas, en su mayor\u00eda colombianas, habr\u00edan utilizado diferentes medios para traer la droga desde Turbo, Colombia, para ser almacenada en Costa Rica y posteriormente exportada\u00bb, declar\u00f3 el director del Organismo de Investigaci\u00f3n Judicial (OIJ), Randall Z\u00fa\u00f1iga.<\/p>\n<p>El OIJ efectu\u00f3 este martes 11 allanamientos en la localidad de Osa, provincia de Puntarenas (Pac\u00edfico), as\u00ed como en las provincias de Heredia y Alajuela (centro), y detuvieron a cinco colombianos de apellidos Bedoya, Lara, N\u00fa\u00f1ez, S\u00e1nchez y Mu\u00f1oz; y dos costarricenses de apellidos Barquero y una costarricense de apellido Acu\u00f1a.<\/p>\n<p>En los allanamientos los agentes decomisaron 194 paquetes de coca\u00edna, 14 paquetes de marihuana, 4 paquetes de droga sint\u00e9tica, armas diversas. radios satelitales, dispositivos GPS para embarcaciones, veh\u00edculos, motores para lnchas y dinero en efectivo.<\/p>\n<p>A esta banda, tambi\u00e9n vinculada con tenencia de armas y lavado de dinero, las autoridades le decomisaron en los \u00faltimos a\u00f1os siete toneladas de drogas y le detuvieron a otros 11 integrantes.<\/p>\n<p>Seg\u00fan las investigaciones, la organizaci\u00f3n compr\u00f3 varias propiedades, entre ellas una ubicada en el Pac\u00edfico que estaban convirtiendo en una especie de desarrollo tur\u00edstico valorado en cerca de 500.000 d\u00f3lares. La banda tambi\u00e9n estar\u00eda invirtiendo dinero del narcotr\u00e1fico en Colombia.<\/p>\n<p>\u00abEste grupo criminal tiene un perfil algo bajo aqu\u00ed en Costa Rica, con buen poder\u00edo econ\u00f3mico, pero que en su Colombia natal s\u00ed se mueve con un perfil m\u00e1s alto y visible econ\u00f3micamente\u00bb, explic\u00f3 Z\u00fa\u00f1iga.<\/p>\n<p>gs (efe, La Naci\u00f3n, Observador CR)<\/p>\n","protected":false},"excerpt":{"rendered":"<p>Las autoridades de Costa Rica desarticularon el martes (21.10.2025) una organizaci\u00f3n del narcotr\u00e1fico con v\u00ednculos en Colombia, conformada por personas de ambos pa\u00edses y a la que en los \u00faltimos a\u00f1os le decomisaron unas siete toneladas de drogas. \u00abEs una organizaci\u00f3n trasnacional dedicada al tr\u00e1fico internacional de drogas. Estas personas, en su mayor\u00eda colombianas, habr\u00edan [&hellip;]<\/p>\n","protected":false},"author":1,"featured_media":16617,"comment_status":"open","ping_status":"open","sticky":false,"template":"","format":"standard","meta":{"footnotes":""},"categories":[8],"tags":[],"_links":{"self":[{"href":"https:\/\/infozamoraec.com\/index.php\/wp-json\/wp\/v2\/posts\/16616"}],"collection":[{"href":"https:\/\/infozamoraec.com\/index.php\/wp-json\/wp\/v2\/posts"}],"about":[{"href":"https:\/\/infozamoraec.com\/index.php\/wp-json\/wp\/v2\/types\/post"}],"author":[{"embeddable":true,"href":"https:\/\/infozamoraec.com\/index.php\/wp-json\/wp\/v2\/users\/1"}],"replies":[{"embeddable":true,"href":"https:\/\/infozamoraec.com\/index.php\/wp-json\/wp\/v2\/comments?post=16616"}],"version-history":[{"count":1,"href":"https:\/\/infozamoraec.com\/index.php\/wp-json\/wp\/v2\/posts\/16616\/revisions"}],"predecessor-version":[{"id":16618,"href":"https:\/\/infozamoraec.com\/index.php\/wp-json\/wp\/v2\/posts\/16616\/revisions\/16618"}],"wp:featuredmedia":[{"embeddable":true,"href":"https:\/\/infozamoraec.com\/index.php\/wp-json\/wp\/v2\/media\/16617"}],"wp:attachment":[{"href":"https:\/\/infozamoraec.com\/index.php\/wp-json\/wp\/v2\/media?parent=16616"}],"wp:term":[{"taxonomy":"category","embeddable":true,"href":"https:\/\/infozamoraec.com\/index.php\/wp-json\/wp\/v2\/categories?post=16616"},{"taxonomy":"post_tag","embeddable":true,"href":"https:\/\/infozamoraec.com\/index.php\/wp-json\/wp\/v2\/tags?post=16616"}],"curies":[{"name":"wp","href":"https:\/\/api.w.org\/{rel}","templated":true}]}}