{"id":16613,"date":"2025-10-22T00:55:55","date_gmt":"2025-10-22T00:55:55","guid":{"rendered":"https:\/\/infozamoraec.com\/?p=16613"},"modified":"2025-10-22T00:55:55","modified_gmt":"2025-10-22T00:55:55","slug":"revocan-condena-contra-uribe-por-soborno-y-fraude-procesal","status":"publish","type":"post","link":"https:\/\/infozamoraec.com\/index.php\/2025\/10\/22\/revocan-condena-contra-uribe-por-soborno-y-fraude-procesal\/","title":{"rendered":"Revocan condena contra Uribe por soborno y fraude procesal"},"content":{"rendered":"<p>El Tribunal Superior de Bogot\u00e1 revoc\u00f3 este martes (21.10.2025) una condena contra el expresidente \u00c1lvaro Uribe por sobornar testigos en un entramado sobre su relaci\u00f3n con grupos paramilitares antiguerrilla.<\/p>\n<p>El l\u00edder de la derecha colombiana de 73 a\u00f1os se hab\u00eda convertido en agosto en el primer expresidente de Colombia condenado penalmente y privado de la libertad con la m\u00e1xima pena posible por soborno y fraude procesal, en una decisi\u00f3n de primera instancia que apel\u00f3 su defensa.<\/p>\n<p>El juez del tribunal revoc\u00f3 la condena por soborno y un caso de fraude procesal, aunque a\u00fan no se ha referido a la sentencia de 12 a\u00f1os de prisi\u00f3n domiciliaria. La contraparte todav\u00eda puede solicitar un recurso de casaci\u00f3n ante la Corte Suprema de Justicia.<\/p>\n<p>\u00abNo se acredit\u00f3 directa o indirectamente que \u00c1lvaro Uribe hubiera instigado el delito de soborno en actuaci\u00f3n penal\u00bb, dijo el magistrado Manuel Antonio Merch\u00e1n al leer el fallo. Por lo tanto, \u00abla sala revocar\u00e1 la condena impuesta a \u00c1lvaro Uribe V\u00e9lez como determinador\u00bb de este cargo.<\/p>\n<p>Fallo en primera instancia tuvo \u00aberrores metodol\u00f3gicos\u00bb<br \/>\nLa absoluci\u00f3n se da en el caso de supuestas presiones a Carlos Enrique V\u00e9lez, Eur\u00eddice Cort\u00e9s y el exparamilitar Juan Guillermo Monsalve, quien est\u00e1 preso y era considerado un testigo clave.<\/p>\n<p>Monsalve acus\u00f3 a Uribe de haber promovido la creaci\u00f3n del Bloque Metro de las paramilitares Autodefensas Unidas de Colombia (AUC) y asegur\u00f3 que Diego Cadena, un abogado de Uribe, lo presion\u00f3 en la c\u00e1rcel para retractarse de lo dicho en contra del exmandatario en el caso que lo enfrenta con el senador de izquierda Iv\u00e1n Cepeda.<\/p>\n<p>Despu\u00e9s de analizar los testimonios de Monsalve, el Tribunal Superior de Bogot\u00e1 concluy\u00f3 que \u00abla sentencia de primera instancia incurri\u00f3 en errores metodol\u00f3gicos, falacia interpretativa y valoraci\u00f3n sesgada de pruebas, al construir inferencias sobre su ordinaci\u00f3n funcional y dolo sin respaldo objetivo\u00bb.<\/p>\n<p>\u00abEn consecuencia, el Tribunal concluye que no se acredit\u00f3 responsabilidad m\u00e1s all\u00e1 de toda duda razonable y revoca la condena impuesta a \u00c1lvaro Uribe V\u00e9lez en este evento (caso Monsalve)\u00bb, agrega el fallo de segunda instancia, cuya lectura contin\u00faa sobre el otro delito por el que fue condenado Uribe, el de fraude procesal.<\/p>\n<p>rr afp\/efe\/el tiempo\/el espectador<\/p>\n","protected":false},"excerpt":{"rendered":"<p>El Tribunal Superior de Bogot\u00e1 revoc\u00f3 este martes (21.10.2025) una condena contra el expresidente \u00c1lvaro Uribe por sobornar testigos en un entramado sobre su relaci\u00f3n con grupos paramilitares antiguerrilla. El l\u00edder de la derecha colombiana de 73 a\u00f1os se hab\u00eda convertido en agosto en el primer expresidente de Colombia condenado penalmente y privado de la [&hellip;]<\/p>\n","protected":false},"author":1,"featured_media":16614,"comment_status":"open","ping_status":"open","sticky":false,"template":"","format":"standard","meta":{"footnotes":""},"categories":[8],"tags":[],"_links":{"self":[{"href":"https:\/\/infozamoraec.com\/index.php\/wp-json\/wp\/v2\/posts\/16613"}],"collection":[{"href":"https:\/\/infozamoraec.com\/index.php\/wp-json\/wp\/v2\/posts"}],"about":[{"href":"https:\/\/infozamoraec.com\/index.php\/wp-json\/wp\/v2\/types\/post"}],"author":[{"embeddable":true,"href":"https:\/\/infozamoraec.com\/index.php\/wp-json\/wp\/v2\/users\/1"}],"replies":[{"embeddable":true,"href":"https:\/\/infozamoraec.com\/index.php\/wp-json\/wp\/v2\/comments?post=16613"}],"version-history":[{"count":1,"href":"https:\/\/infozamoraec.com\/index.php\/wp-json\/wp\/v2\/posts\/16613\/revisions"}],"predecessor-version":[{"id":16615,"href":"https:\/\/infozamoraec.com\/index.php\/wp-json\/wp\/v2\/posts\/16613\/revisions\/16615"}],"wp:featuredmedia":[{"embeddable":true,"href":"https:\/\/infozamoraec.com\/index.php\/wp-json\/wp\/v2\/media\/16614"}],"wp:attachment":[{"href":"https:\/\/infozamoraec.com\/index.php\/wp-json\/wp\/v2\/media?parent=16613"}],"wp:term":[{"taxonomy":"category","embeddable":true,"href":"https:\/\/infozamoraec.com\/index.php\/wp-json\/wp\/v2\/categories?post=16613"},{"taxonomy":"post_tag","embeddable":true,"href":"https:\/\/infozamoraec.com\/index.php\/wp-json\/wp\/v2\/tags?post=16613"}],"curies":[{"name":"wp","href":"https:\/\/api.w.org\/{rel}","templated":true}]}}