{"id":16610,"date":"2025-10-22T00:53:51","date_gmt":"2025-10-22T00:53:51","guid":{"rendered":"https:\/\/infozamoraec.com\/?p=16610"},"modified":"2025-10-22T00:53:51","modified_gmt":"2025-10-22T00:53:51","slug":"fallece-paulina-tamayo-icono-de-la-musica-ecuatoriana","status":"publish","type":"post","link":"https:\/\/infozamoraec.com\/index.php\/2025\/10\/22\/fallece-paulina-tamayo-icono-de-la-musica-ecuatoriana\/","title":{"rendered":"Fallece Paulina Tamayo, \u00edcono de la m\u00fasica ecuatoriana"},"content":{"rendered":"<p data-start=\"62\" data-end=\"362\">La reconocida cantante ecuatoriana <strong data-start=\"119\" data-end=\"137\">Paulina Tamayo<\/strong>, conocida como <em data-start=\"153\" data-end=\"178\">\u201cLa Grande del Ecuador\u201d<\/em>, falleci\u00f3 este martes, seg\u00fan confirmaron sus redes sociales oficiales y la de su hijo, <strong data-start=\"266\" data-end=\"283\">Willie Tamayo<\/strong>. Hasta el momento no se han revelado detalles sobre las causas de su muerte.<\/p>\n<p data-start=\"364\" data-end=\"608\">En la cuenta de Instagram de la artista se public\u00f3 el mensaje: <em data-start=\"427\" data-end=\"605\">\u201cLa Grande del Ecuador, una leyenda de nuestra m\u00fasica, nos deja un legado que vivir\u00e1 por siempre. Su voz queda en el coraz\u00f3n de todo un pa\u00eds. Gracias por tanto, eterna Paulina\u201d<\/em>.<\/p>\n<p data-start=\"610\" data-end=\"894\">Su hijo tambi\u00e9n confirm\u00f3 la noticia con un mensaje de despedida: <em data-start=\"675\" data-end=\"891\">\u201cEl amor de mi vida, mi ejemplo, mi inspiraci\u00f3n y mayor orgullo. Tu voz, tu arte y tu luz quedar\u00e1n para siempre en la historia del Ecuador, pero sobre todo, en el coraz\u00f3n de quienes tuvimos el privilegio de amarte\u201d<\/em>.<\/p>\n<p data-start=\"896\" data-end=\"1295\">Paulina Tamayo naci\u00f3 en <strong data-start=\"920\" data-end=\"952\">Quito el 14 de abril de 1965<\/strong> y comenz\u00f3 su carrera art\u00edstica a los cinco a\u00f1os. A lo largo de su trayectoria interpret\u00f3 g\u00e9neros como pasillos, albazos, pasacalles y sanjuanitos, adem\u00e1s de incursionar en la balada y la bomba. Comparti\u00f3 escenario con reconocidos artistas internacionales como <strong data-start=\"1213\" data-end=\"1256\">Los Panchos, Roc\u00edo D\u00farcal, Juan Gabriel<\/strong> y <strong data-start=\"1259\" data-end=\"1292\">Jos\u00e9 Luis Rodr\u00edguez (El Puma)<\/strong>.<\/p>\n<p data-start=\"1297\" data-end=\"1617\">La cantante represent\u00f3 al Ecuador en diversos festivales y realiz\u00f3 giras por Am\u00e9rica y Europa, manteniendo un fuerte v\u00ednculo con la comunidad migrante. Entre sus reconocimientos destacan el <strong data-start=\"1487\" data-end=\"1517\">\u201cGalard\u00f3n Estrella Latina\u201d<\/strong> otorgado en Madrid en 2015 y el t\u00edtulo de <strong data-start=\"1560\" data-end=\"1582\">\u201cArtista Sold Out\u201d<\/strong> recibido en Los \u00c1ngeles en 2013.<\/p>\n<p data-start=\"1619\" data-end=\"1942\">Tras conocerse su fallecimiento, diversas autoridades y entidades expresaron su pesar. La ministra de Educaci\u00f3n, Deporte y Cultura, <strong data-start=\"1751\" data-end=\"1769\">Alegr\u00eda Crespo<\/strong>, destac\u00f3 su aporte cultural: <em data-start=\"1799\" data-end=\"1939\">\u201cSu voz acompa\u00f1\u00f3 la historia de nuestro pa\u00eds, llenando de emoci\u00f3n los hogares y los escenarios. Paulina fue s\u00edmbolo de amor por la patria\u201d<\/em>.<\/p>\n<p data-start=\"1944\" data-end=\"2211\">La <strong data-start=\"1947\" data-end=\"1978\">Presidencia de la Rep\u00fablica<\/strong> y la <strong data-start=\"1984\" data-end=\"2042\">Sociedad de Autores y Compositores del Ecuador (SAYCE)<\/strong> tambi\u00e9n manifestaron sus condolencias, al igual que numerosos artistas, periodistas y figuras p\u00fablicas, quienes recordaron su invaluable legado en la m\u00fasica nacional.<\/p>\n<p data-start=\"2213\" data-end=\"2373\" data-is-last-node=\"\" data-is-only-node=\"\">Paulina Tamayo deja una huella imborrable en la historia cultural del Ecuador, donde su voz y su arte permanecer\u00e1n como s\u00edmbolo de identidad y orgullo nacional.<\/p>\n","protected":false},"excerpt":{"rendered":"<p>La reconocida cantante ecuatoriana Paulina Tamayo, conocida como \u201cLa Grande del Ecuador\u201d, falleci\u00f3 este martes, seg\u00fan confirmaron sus redes sociales oficiales y la de su hijo, Willie Tamayo. Hasta el momento no se han revelado detalles sobre las causas de su muerte. En la cuenta de Instagram de la artista se public\u00f3 el mensaje: \u201cLa [&hellip;]<\/p>\n","protected":false},"author":1,"featured_media":16611,"comment_status":"open","ping_status":"open","sticky":false,"template":"","format":"standard","meta":{"footnotes":""},"categories":[12,44],"tags":[],"_links":{"self":[{"href":"https:\/\/infozamoraec.com\/index.php\/wp-json\/wp\/v2\/posts\/16610"}],"collection":[{"href":"https:\/\/infozamoraec.com\/index.php\/wp-json\/wp\/v2\/posts"}],"about":[{"href":"https:\/\/infozamoraec.com\/index.php\/wp-json\/wp\/v2\/types\/post"}],"author":[{"embeddable":true,"href":"https:\/\/infozamoraec.com\/index.php\/wp-json\/wp\/v2\/users\/1"}],"replies":[{"embeddable":true,"href":"https:\/\/infozamoraec.com\/index.php\/wp-json\/wp\/v2\/comments?post=16610"}],"version-history":[{"count":1,"href":"https:\/\/infozamoraec.com\/index.php\/wp-json\/wp\/v2\/posts\/16610\/revisions"}],"predecessor-version":[{"id":16612,"href":"https:\/\/infozamoraec.com\/index.php\/wp-json\/wp\/v2\/posts\/16610\/revisions\/16612"}],"wp:featuredmedia":[{"embeddable":true,"href":"https:\/\/infozamoraec.com\/index.php\/wp-json\/wp\/v2\/media\/16611"}],"wp:attachment":[{"href":"https:\/\/infozamoraec.com\/index.php\/wp-json\/wp\/v2\/media?parent=16610"}],"wp:term":[{"taxonomy":"category","embeddable":true,"href":"https:\/\/infozamoraec.com\/index.php\/wp-json\/wp\/v2\/categories?post=16610"},{"taxonomy":"post_tag","embeddable":true,"href":"https:\/\/infozamoraec.com\/index.php\/wp-json\/wp\/v2\/tags?post=16610"}],"curies":[{"name":"wp","href":"https:\/\/api.w.org\/{rel}","templated":true}]}}