{"id":16607,"date":"2025-10-22T00:49:38","date_gmt":"2025-10-22T00:49:38","guid":{"rendered":"https:\/\/infozamoraec.com\/?p=16607"},"modified":"2025-10-22T00:49:38","modified_gmt":"2025-10-22T00:49:38","slug":"noboa-se-mofa-de-la-entrevista-de-correa-a-luisa-haciendo-campana-por-el-si-para-que-por-la-tinta-se-traspase-al-no","status":"publish","type":"post","link":"https:\/\/infozamoraec.com\/index.php\/2025\/10\/22\/noboa-se-mofa-de-la-entrevista-de-correa-a-luisa-haciendo-campana-por-el-si-para-que-por-la-tinta-se-traspase-al-no\/","title":{"rendered":"Noboa se mofa de la entrevista de Correa a Luisa: \u00abhaciendo campa\u00f1a por el S\u00cd, para que por la tinta se traspase al NO\u00bb"},"content":{"rendered":"<p>El presidente de Ecuador Daniel Noboa se refiri\u00f3 a la entrevista que mantuvo Luisa Gonz\u00e1lez con el exmandatario Rafael Correa, la noche anterior en el canal de Vladimir Putin, Russia Today.<\/p>\n<p>Adjuntando una imagen de Gonz\u00e1lez sentada frente a Correa, durante la entrevista Noboa indic\u00f3: \u00abCorrea y Luisa haciendo campa\u00f1a por el S\u00cd, para que por la tinta se traspase al NO\u00bb.<\/p>\n<p>Noboa hace referencia a la idea de una \u00abtinta transferible\u00bb que seg\u00fan el corre\u00edsmo fue un \u00abfraude\u00bb por parte de Noboa y as\u00ed desconocieron los resultados presidenciales de las pasadas elecciones de abril de 2025.<\/p>\n<p>Luego del post de Noboa, Correa no dud\u00f3 en responder e indic\u00f3: \u00abSabes que perdiste. Si no, en lugar de hablar tantas tonter\u00edas, abre las urnas\u00bb.<\/p>\n<p>En tanto que el corre\u00edsmo, que no puede hacer campa\u00f1a para las preguntas 1 y 2 del referendo, ha indicado que apoyar\u00e1 el No en el proceso electoral.<\/p>\n<p>En la consulta popular, se plantea que los ecuatorianos decidan sobre la instalaci\u00f3n de una Asamblea Constituyente en Ecuador. Mientras que en el referendo se preguntar\u00e1 sobre la autorizaci\u00f3n para instalar bases militares extranjeras en el pa\u00eds, la eliminaci\u00f3n del fondo estatal para los partidos y movimientos, y la reducci\u00f3n de asamble\u00edstas. (I)<\/p>\n","protected":false},"excerpt":{"rendered":"<p>El presidente de Ecuador Daniel Noboa se refiri\u00f3 a la entrevista que mantuvo Luisa Gonz\u00e1lez con el exmandatario Rafael Correa, la noche anterior en el canal de Vladimir Putin, Russia Today. Adjuntando una imagen de Gonz\u00e1lez sentada frente a Correa, durante la entrevista Noboa indic\u00f3: \u00abCorrea y Luisa haciendo campa\u00f1a por el S\u00cd, para que [&hellip;]<\/p>\n","protected":false},"author":1,"featured_media":16608,"comment_status":"open","ping_status":"open","sticky":false,"template":"","format":"standard","meta":{"footnotes":""},"categories":[12],"tags":[],"_links":{"self":[{"href":"https:\/\/infozamoraec.com\/index.php\/wp-json\/wp\/v2\/posts\/16607"}],"collection":[{"href":"https:\/\/infozamoraec.com\/index.php\/wp-json\/wp\/v2\/posts"}],"about":[{"href":"https:\/\/infozamoraec.com\/index.php\/wp-json\/wp\/v2\/types\/post"}],"author":[{"embeddable":true,"href":"https:\/\/infozamoraec.com\/index.php\/wp-json\/wp\/v2\/users\/1"}],"replies":[{"embeddable":true,"href":"https:\/\/infozamoraec.com\/index.php\/wp-json\/wp\/v2\/comments?post=16607"}],"version-history":[{"count":1,"href":"https:\/\/infozamoraec.com\/index.php\/wp-json\/wp\/v2\/posts\/16607\/revisions"}],"predecessor-version":[{"id":16609,"href":"https:\/\/infozamoraec.com\/index.php\/wp-json\/wp\/v2\/posts\/16607\/revisions\/16609"}],"wp:featuredmedia":[{"embeddable":true,"href":"https:\/\/infozamoraec.com\/index.php\/wp-json\/wp\/v2\/media\/16608"}],"wp:attachment":[{"href":"https:\/\/infozamoraec.com\/index.php\/wp-json\/wp\/v2\/media?parent=16607"}],"wp:term":[{"taxonomy":"category","embeddable":true,"href":"https:\/\/infozamoraec.com\/index.php\/wp-json\/wp\/v2\/categories?post=16607"},{"taxonomy":"post_tag","embeddable":true,"href":"https:\/\/infozamoraec.com\/index.php\/wp-json\/wp\/v2\/tags?post=16607"}],"curies":[{"name":"wp","href":"https:\/\/api.w.org\/{rel}","templated":true}]}}