{"id":16594,"date":"2025-10-22T00:35:18","date_gmt":"2025-10-22T00:35:18","guid":{"rendered":"https:\/\/infozamoraec.com\/?p=16594"},"modified":"2025-10-22T00:35:18","modified_gmt":"2025-10-22T00:35:18","slug":"autoridades-fortalecen-el-trabajo-comunitario-en-varios-cantones-de-zamora-chinchipe","status":"publish","type":"post","link":"https:\/\/infozamoraec.com\/index.php\/2025\/10\/22\/autoridades-fortalecen-el-trabajo-comunitario-en-varios-cantones-de-zamora-chinchipe\/","title":{"rendered":"Autoridades fortalecen el trabajo comunitario en varios cantones de Zamora Chinchipe"},"content":{"rendered":"<p>La Gobernaci\u00f3n de Zamora Chinchipe contin\u00faa impulsando acciones de vinculaci\u00f3n social y apoyo comunitario en distintos cantones de la provincia, a trav\u00e9s de las jefaturas y tenencias pol\u00edticas.<\/p>\n<p>En el cant\u00f3n Nangaritza, la jefa pol\u00edtica Tatiana C\u00f3rdova socializ\u00f3 con los habitantes de la parroquia\u00a0 Zurmi el proyecto \u201cMi Tienda del Nuevo Ecuador\u201d y el cr\u00e9dito 7&#215;7, programas orientados a fortalecer el emprendimiento y la reactivaci\u00f3n econ\u00f3mica local.<\/p>\n<p>En Palanda, la tenienta pol\u00edtica de San Francisco del Vergel, Carmen Agila, visit\u00f3 la escuela Jes\u00fas del Gran Poder, donde realiz\u00f3 la entrega de kits de aseo a los estudiantes, promoviendo h\u00e1bitos de higiene y bienestar escolar.<\/p>\n<p>Mientras tanto, en el barrio Norte de la ciudad de Yantzaza, el jefe pol\u00edtico Mauro Qui\u00f1onez, en coordinaci\u00f3n con la Polic\u00eda Nacional y la comunidad, lider\u00f3 una minga de limpieza destinada a recuperar espacios p\u00fablicos y fortalecer la seguridad ciudadana.<\/p>\n<p>En el cant\u00f3n Zamora, la teniente pol\u00edtica de Guadalupe, Estefany Orellana, organiz\u00f3 una minga solidaria para pintar la vivienda de una familia de escasos recursos, adem\u00e1s de realizar la entrega de kits alimenticios con apoyo interinstitucional.<\/p>\n<p>Finalmente, en el barrio Chuchumbletza del cant\u00f3n El Pangui, la jefa pol\u00edtica Jhomayra Segovia, junto al presidente barrial y con apoyo del sector privado, gestion\u00f3 la donaci\u00f3n de una silla de ruedas para un adulto mayor en situaci\u00f3n de vulnerabilidad.<\/p>\n<p>Estas acciones reflejan el compromiso de la Gobernaci\u00f3n de Zamora Chinchipe con el trabajo territorial, la atenci\u00f3n social y el fortalecimiento del tejido comunitario en la provincia.<\/p>\n","protected":false},"excerpt":{"rendered":"<p>La Gobernaci\u00f3n de Zamora Chinchipe contin\u00faa impulsando acciones de vinculaci\u00f3n social y apoyo comunitario en distintos cantones de la provincia, a trav\u00e9s de las jefaturas y tenencias pol\u00edticas. En el cant\u00f3n Nangaritza, la jefa pol\u00edtica Tatiana C\u00f3rdova socializ\u00f3 con los habitantes de la parroquia\u00a0 Zurmi el proyecto \u201cMi Tienda del Nuevo Ecuador\u201d y el cr\u00e9dito [&hellip;]<\/p>\n","protected":false},"author":1,"featured_media":16595,"comment_status":"open","ping_status":"open","sticky":false,"template":"","format":"standard","meta":{"footnotes":""},"categories":[9],"tags":[],"_links":{"self":[{"href":"https:\/\/infozamoraec.com\/index.php\/wp-json\/wp\/v2\/posts\/16594"}],"collection":[{"href":"https:\/\/infozamoraec.com\/index.php\/wp-json\/wp\/v2\/posts"}],"about":[{"href":"https:\/\/infozamoraec.com\/index.php\/wp-json\/wp\/v2\/types\/post"}],"author":[{"embeddable":true,"href":"https:\/\/infozamoraec.com\/index.php\/wp-json\/wp\/v2\/users\/1"}],"replies":[{"embeddable":true,"href":"https:\/\/infozamoraec.com\/index.php\/wp-json\/wp\/v2\/comments?post=16594"}],"version-history":[{"count":1,"href":"https:\/\/infozamoraec.com\/index.php\/wp-json\/wp\/v2\/posts\/16594\/revisions"}],"predecessor-version":[{"id":16596,"href":"https:\/\/infozamoraec.com\/index.php\/wp-json\/wp\/v2\/posts\/16594\/revisions\/16596"}],"wp:featuredmedia":[{"embeddable":true,"href":"https:\/\/infozamoraec.com\/index.php\/wp-json\/wp\/v2\/media\/16595"}],"wp:attachment":[{"href":"https:\/\/infozamoraec.com\/index.php\/wp-json\/wp\/v2\/media?parent=16594"}],"wp:term":[{"taxonomy":"category","embeddable":true,"href":"https:\/\/infozamoraec.com\/index.php\/wp-json\/wp\/v2\/categories?post=16594"},{"taxonomy":"post_tag","embeddable":true,"href":"https:\/\/infozamoraec.com\/index.php\/wp-json\/wp\/v2\/tags?post=16594"}],"curies":[{"name":"wp","href":"https:\/\/api.w.org\/{rel}","templated":true}]}}