{"id":16591,"date":"2025-10-22T00:29:34","date_gmt":"2025-10-22T00:29:34","guid":{"rendered":"https:\/\/infozamoraec.com\/?p=16591"},"modified":"2025-10-22T00:29:34","modified_gmt":"2025-10-22T00:29:34","slug":"concejo-municipal-de-zamora-reconoce-a-deportistas-locales","status":"publish","type":"post","link":"https:\/\/infozamoraec.com\/index.php\/2025\/10\/22\/concejo-municipal-de-zamora-reconoce-a-deportistas-locales\/","title":{"rendered":"Concejo Municipal de Zamora reconoce  a deportistas locales"},"content":{"rendered":"<p>El Concejo Municipal de Zamora desarroll\u00f3 este martes 21 de\u00a0 octubre, en sesi\u00f3n ordinaria, en el Sal\u00f3n del Pueblo, \u00a0llev\u00f3 a cabo un acto de reconocimiento a los deportistas de la Escuela de F\u00fatbol Municipal de Zamora, quienes obtuvieron destacados resultados en diferentes categor\u00edas a nivel provincial y nacional.<\/p>\n<p>La\u00a0 sesi\u00f3n se cumpli\u00f3 con la presencia del alcalde Manuel Gonz\u00e1lez,\u00a0 la vicealcaldesa Blanca Carri\u00f3n y los concejales Wilmer Espinoza, Franz Regalado, Santiago Cabrera y Ximena Monta\u00f1o.<\/p>\n<p>Las delegaciones Sub-6 y Sub-8 alcanzaron medallas de oro, la Sub-17 logr\u00f3 plata, mientras que las categor\u00edas Sub-10, Sub-11, Sub-13, Sub-15 y Sub-16 se ubicaron en el tercer lugar, obteniendo medallas de bronce.<\/p>\n<p>En total, m\u00e1s de 50 j\u00f3venes futbolistas fueron homenajeados por su compromiso y dedicaci\u00f3n. Gracias a estos logros, Zamora obtuvo dos cupos de participaci\u00f3n en torneos nacionales en la ciudad de Quito, fortaleciendo la proyecci\u00f3n del deporte formativo local.<\/p>\n<p>El municipio destac\u00f3 que estos resultados reflejan el crecimiento sostenido del deporte en el cant\u00f3n, as\u00ed como el compromiso institucional con la formaci\u00f3n de nuevos talentos y la promoci\u00f3n de una juventud activa y saludable.<\/p>\n","protected":false},"excerpt":{"rendered":"<p>El Concejo Municipal de Zamora desarroll\u00f3 este martes 21 de\u00a0 octubre, en sesi\u00f3n ordinaria, en el Sal\u00f3n del Pueblo, \u00a0llev\u00f3 a cabo un acto de reconocimiento a los deportistas de la Escuela de F\u00fatbol Municipal de Zamora, quienes obtuvieron destacados resultados en diferentes categor\u00edas a nivel provincial y nacional. La\u00a0 sesi\u00f3n se cumpli\u00f3 con la [&hellip;]<\/p>\n","protected":false},"author":1,"featured_media":16592,"comment_status":"open","ping_status":"open","sticky":false,"template":"","format":"standard","meta":{"footnotes":""},"categories":[9],"tags":[],"_links":{"self":[{"href":"https:\/\/infozamoraec.com\/index.php\/wp-json\/wp\/v2\/posts\/16591"}],"collection":[{"href":"https:\/\/infozamoraec.com\/index.php\/wp-json\/wp\/v2\/posts"}],"about":[{"href":"https:\/\/infozamoraec.com\/index.php\/wp-json\/wp\/v2\/types\/post"}],"author":[{"embeddable":true,"href":"https:\/\/infozamoraec.com\/index.php\/wp-json\/wp\/v2\/users\/1"}],"replies":[{"embeddable":true,"href":"https:\/\/infozamoraec.com\/index.php\/wp-json\/wp\/v2\/comments?post=16591"}],"version-history":[{"count":1,"href":"https:\/\/infozamoraec.com\/index.php\/wp-json\/wp\/v2\/posts\/16591\/revisions"}],"predecessor-version":[{"id":16593,"href":"https:\/\/infozamoraec.com\/index.php\/wp-json\/wp\/v2\/posts\/16591\/revisions\/16593"}],"wp:featuredmedia":[{"embeddable":true,"href":"https:\/\/infozamoraec.com\/index.php\/wp-json\/wp\/v2\/media\/16592"}],"wp:attachment":[{"href":"https:\/\/infozamoraec.com\/index.php\/wp-json\/wp\/v2\/media?parent=16591"}],"wp:term":[{"taxonomy":"category","embeddable":true,"href":"https:\/\/infozamoraec.com\/index.php\/wp-json\/wp\/v2\/categories?post=16591"},{"taxonomy":"post_tag","embeddable":true,"href":"https:\/\/infozamoraec.com\/index.php\/wp-json\/wp\/v2\/tags?post=16591"}],"curies":[{"name":"wp","href":"https:\/\/api.w.org\/{rel}","templated":true}]}}