{"id":16584,"date":"2025-10-21T02:07:21","date_gmt":"2025-10-21T02:07:21","guid":{"rendered":"https:\/\/infozamoraec.com\/?p=16584"},"modified":"2025-10-21T02:07:21","modified_gmt":"2025-10-21T02:07:21","slug":"keiko-fujimori-celebra-fallo-que-anula-denuncia-en-su-contra","status":"publish","type":"post","link":"https:\/\/infozamoraec.com\/index.php\/2025\/10\/21\/keiko-fujimori-celebra-fallo-que-anula-denuncia-en-su-contra\/","title":{"rendered":"Keiko Fujimori celebra fallo que anula denuncia en su contra"},"content":{"rendered":"<p>Keiko Fujimori celebr\u00f3 este lunes (20.10.2025) la sentencia del Tribunal Constitucional que anul\u00f3 la acusaci\u00f3n en su contra por presunto lavado de activos de fondos supuestamente recibidos de la constructora brasile\u00f1a Odebrecht y otras empresas para las campa\u00f1as de 2011 y 2016, y evit\u00f3 confirmar si ser\u00e1 candidata por cuarta vez a la Presidencia de Per\u00fa, en las elecciones de 2026.<\/p>\n<p>En una rueda de prensa, la lideresa del partido fujimorista Fuerza Popular dijo que \u00aben pocos d\u00edas\u00bb va a tomar esa decisi\u00f3n, con sus hijas, y que har\u00e1 \u00abel anuncio correspondiente\u00bb, tras haber sido derrotada en la segunda vuelta de los tres \u00faltimos comicios por Ollanta Humala (2011), Pedro Pablo Kuczynski (2016) y Pedro Castillo (2021).<\/p>\n<p>Sin embargo, la hija y heredera pol\u00edtica del expresidente peruano Alberto Fujimori (1990-2000) anot\u00f3 que, despu\u00e9s de 10 a\u00f1os de \u00abacusaciones injustas\u00bb, esta decisi\u00f3n \u00abes m\u00e1s dif\u00edcil de tomar\u00bb.<\/p>\n<p>Fujimori agreg\u00f3 que los peruanos \u00abest\u00e1n clamando\u00bb por \u00abseguridad\u00bb, en referencia a la ola de criminalidad en el pa\u00eds, y que por ese motivo su partido Fuerza Popular va a participar en los comicios generales del pr\u00f3ximo a\u00f1o.<\/p>\n<p>\u00abAdem\u00e1s de ser una oportunidad, es una obligaci\u00f3n como partido pol\u00edtico\u00bb, expres\u00f3 la tres veces candidata presidencial.<\/p>\n<p>Fujimori destac\u00f3 que el fallo del Tribunal Constitucional obedece a la justicia, pues \u00abcorrige errores y arbitrariedades\u00bb, cometidas presuntamente en la acusaci\u00f3n fiscal presentada en el llamado caso C\u00f3cteles, por el cual incluso estuvo recluida preventivamente.<\/p>\n<p>La hija de Alberto Fujimori se quej\u00f3 de que hubo \u00abprisiones preventivas injustas\u00bb y \u00aballanamientos sin un rumbo legal\u00bb, en base a \u00abacusaciones que parec\u00edan un eterno castigo\u00bb.<\/p>\n<p>No obstante, dijo tomar la resoluci\u00f3n del m\u00e1ximo tribunal de garant\u00edas de Per\u00fa \u00absin rencor y con la frente en alto\u00bb, porque cree \u00aben el debido proceso y no en un linchamiento pol\u00edtico\u00bb.<\/p>\n<p>Teme nuevas denuncias en periodo electoral<br \/>\nEn tal sentido, agradeci\u00f3 a su abogada Giuliana Loza por llevar adelante una \u00abverdadera gesta con honor\u00bb, as\u00ed como a los dirigentes de su partido, colaboradores y militantes que fueron \u00abarrastrados injustamente a este proceso\u00bb que tuvo alrededor de 40 coacusados.<\/p>\n<p>\u00abSabemos que llegan las elecciones y nuevas denuncias, pero no solo pierde la democracia sino el ciudadano\u00bb, afirm\u00f3 Fujimori.<\/p>\n<p>La precandidata presidencial de Fuerza Popular insisti\u00f3 en que su reclamo es \u00abcontra los que usaron la justicia como arma pol\u00edtica\u00bb, pero subray\u00f3 que \u00abeste d\u00eda es un punto de inflexi\u00f3n, porque se decidi\u00f3 que la justicia no tiene camiseta\u00bb.<\/p>\n<p>Al ser consultada sobre si eval\u00faa una denuncia contra el fiscal Jos\u00e9 Domingo P\u00e9rez, dijo que no ha tomado esa decisi\u00f3n personalmente, pero que \u00ablos m\u00e1s de 40 acusados est\u00e1n en todo el derecho de hacerlo\u00bb.<\/p>\n<p>La decisi\u00f3n del TC declar\u00f3 \u00abfundada\u00bb una demanda presentada por la defensa de Fujimori y orden\u00f3 que se archive este proceso.<\/p>\n<p>Argumentan error en tipificaci\u00f3n penal<br \/>\nLa abogada de Fujimori hab\u00eda pedido que se declaren nulas las resoluciones judiciales vinculadas con el proceso que se sigue a su defendida por los delitos de lavado de activos, organizaci\u00f3n criminal, falsa declaraci\u00f3n y falsedad gen\u00e9rica, as\u00ed como \u00abtodos los actos precedentes\u00bb seguidos desde el inicio de las investigaciones preliminares, en 2017.<\/p>\n<p>Loza argument\u00f3 que antes de noviembre de 2016 no se consideraba que recibir dinero para financiar una campa\u00f1a pol\u00edtica pod\u00eda implicar un delito de lavado de activos y que la Fiscal\u00eda incorpor\u00f3 nuevos elementos al caso en octubre de 2018 \u00absin respetar el derecho a la defensa\u00bb.<\/p>\n<p>\u00abNo se est\u00e1 declarando la inocencia o culpabilidad de la beneficiaria, sino constatando la inviabilidad de proseguir con una imputaci\u00f3n carente de sustento jur\u00eddico y claramente opuesta a lo establecido en la Constituci\u00f3n\u00bb, aclar\u00f3 la resoluci\u00f3n del TC.<\/p>\n<p>El llamado &#8216;caso c\u00f3cteles&#8217; se abri\u00f3 contra Fujimori y otros dirigentes del partido Fuerza Popular por la presunta financiaci\u00f3n irregular de sus campa\u00f1as electoral de 2011 y 2016 con dinero de empresas privadas, que la agrupaci\u00f3n pol\u00edtica explic\u00f3 como procedente de una serie de &#8216;c\u00f3cteles&#8217; en los que participaron simpatizantes.<\/p>\n<p>Durante la fase de investigaci\u00f3n de este caso, Fujimori fue enviada a prisi\u00f3n preventiva en dos per\u00edodos de distintos que sumaron un total de cerca de a\u00f1o y medio, el \u00faltimo de ellos antes de que comenzase la pandemia de la covid-19, motivo que llev\u00f3 a que fuese excarcelada para quedar en libertad en condicional.<\/p>\n<p>mg (efe, El Comercio)<\/p>\n<p>&nbsp;<\/p>\n","protected":false},"excerpt":{"rendered":"<p>Keiko Fujimori celebr\u00f3 este lunes (20.10.2025) la sentencia del Tribunal Constitucional que anul\u00f3 la acusaci\u00f3n en su contra por presunto lavado de activos de fondos supuestamente recibidos de la constructora brasile\u00f1a Odebrecht y otras empresas para las campa\u00f1as de 2011 y 2016, y evit\u00f3 confirmar si ser\u00e1 candidata por cuarta vez a la Presidencia de [&hellip;]<\/p>\n","protected":false},"author":1,"featured_media":16585,"comment_status":"open","ping_status":"open","sticky":false,"template":"","format":"standard","meta":{"footnotes":""},"categories":[8],"tags":[],"_links":{"self":[{"href":"https:\/\/infozamoraec.com\/index.php\/wp-json\/wp\/v2\/posts\/16584"}],"collection":[{"href":"https:\/\/infozamoraec.com\/index.php\/wp-json\/wp\/v2\/posts"}],"about":[{"href":"https:\/\/infozamoraec.com\/index.php\/wp-json\/wp\/v2\/types\/post"}],"author":[{"embeddable":true,"href":"https:\/\/infozamoraec.com\/index.php\/wp-json\/wp\/v2\/users\/1"}],"replies":[{"embeddable":true,"href":"https:\/\/infozamoraec.com\/index.php\/wp-json\/wp\/v2\/comments?post=16584"}],"version-history":[{"count":1,"href":"https:\/\/infozamoraec.com\/index.php\/wp-json\/wp\/v2\/posts\/16584\/revisions"}],"predecessor-version":[{"id":16586,"href":"https:\/\/infozamoraec.com\/index.php\/wp-json\/wp\/v2\/posts\/16584\/revisions\/16586"}],"wp:featuredmedia":[{"embeddable":true,"href":"https:\/\/infozamoraec.com\/index.php\/wp-json\/wp\/v2\/media\/16585"}],"wp:attachment":[{"href":"https:\/\/infozamoraec.com\/index.php\/wp-json\/wp\/v2\/media?parent=16584"}],"wp:term":[{"taxonomy":"category","embeddable":true,"href":"https:\/\/infozamoraec.com\/index.php\/wp-json\/wp\/v2\/categories?post=16584"},{"taxonomy":"post_tag","embeddable":true,"href":"https:\/\/infozamoraec.com\/index.php\/wp-json\/wp\/v2\/tags?post=16584"}],"curies":[{"name":"wp","href":"https:\/\/api.w.org\/{rel}","templated":true}]}}