{"id":16576,"date":"2025-10-21T01:58:15","date_gmt":"2025-10-21T01:58:15","guid":{"rendered":"https:\/\/infozamoraec.com\/?p=16576"},"modified":"2025-10-21T01:58:15","modified_gmt":"2025-10-21T01:58:15","slug":"aquiles-alvarez-dice-que-dan-ganas-a-veces-de-ser-candidato-presidencial-por-situacion-del-pais","status":"publish","type":"post","link":"https:\/\/infozamoraec.com\/index.php\/2025\/10\/21\/aquiles-alvarez-dice-que-dan-ganas-a-veces-de-ser-candidato-presidencial-por-situacion-del-pais\/","title":{"rendered":"Aquiles Alvarez dice que \u201cdan ganas a veces\u201d de ser candidato presidencial por situaci\u00f3n del pa\u00eds"},"content":{"rendered":"<p><strong>Aquiles Alvarez, el alcalde de Guayaquil<\/strong>, la ciudad m\u00e1s poblada de Ecuador, asegur\u00f3 en una entrevista con\u00a0<em>EFE\u00a0<\/em>que es v\u00edctima de una persecuci\u00f3n por parte del presidente del pa\u00eds, Daniel Noboa, a trav\u00e9s de la Fiscal\u00eda con el objetivo de inhabilitarlo pol\u00edticamente \u201c<strong>por alzar la voz<\/strong>\u201d contra el Gobierno, pero advirti\u00f3\u00a0<strong>que \u201cno van a poder\u201d con \u00e9l.<\/strong><\/p>\n<p>\u201c<strong>Soy oposici\u00f3n porque hay cosas que no est\u00e1n bien<\/strong>. Entonces hay que alzar la voz. A ellos les molesta eso. Quieren gobernar y que les digan que todo est\u00e1 lindo, que todo est\u00e1 bien y&#8230; no es as\u00ed, todo est\u00e1 mal\u201d, se\u00f1al\u00f3 Alvarez, que lleg\u00f3 a la Alcald\u00eda de Guayaquil en 2023 de la mano del corre\u00edsmo y se ha convertido en una de las voces m\u00e1s cr\u00edticas del mandatario.<\/p>\n<p>El alcalde asegur\u00f3 que Noboa\u00a0<strong>\u201cgolpea con mano ajena\u201d<\/strong>, a trav\u00e9s de funcionarios del Gobierno, entre ellos el director de la Unidad de An\u00e1lisis Financiero y Econ\u00f3mico (UAFE), Julio Jos\u00e9 Neira, quien meses atr\u00e1s afirm\u00f3 que\u00a0<strong>\u201ces probable que haya un alcalde sentenciado<\/strong>\u201d en el caso de presunto contrabando de combustibles, por el que ser\u00e1 juzgado \u00c1lvarez, vinculado a su negocio familiar de estaciones de servicio.<\/p>\n<h3><strong>Casos \u201cpol\u00edticos\u201d<\/strong><\/h3>\n<p>Alvarez considera que ese caso llamado\u00a0<strong>Triple A\u00a0<\/strong>es \u201cpol\u00edtico\u201d y que \u201cdeber\u00eda caerse\u201d porque fue construido con \u201cinventos e informes forjados\u201d y que, adem\u00e1s, es llevado adelante por Carlos Alarc\u00f3n, recientemente nombrado \u201ca dedo\u201d fiscal subrogante, y que tambi\u00e9n ha manejado una causa contra el hermano de la exesposa del presidente.<\/p>\n<p>\u201c<strong>\u00bfCu\u00e1les son las pruebas para llevarnos a juicio? Ninguna. Hay siete peritajes y los siete est\u00e1n a favor nuestro. No se pueden ocultar las verdades y la verdad es que todo ha sido l\u00edcito y transparente. \u00bfSabe cu\u00e1ntas veces me han querido meter preso? Pero al final nunca pueden porque la verdad est\u00e1 con nosotros<\/strong>\u201d, mencion\u00f3 el alcalde, que lleva puesto un grillete electr\u00f3nico por esta causa.<\/p>\n<p>Otra prueba de la \u201cpersecuci\u00f3n\u201d, dijo Alvarez, es que cuando a inicios de mes Alarc\u00f3n estuvo encargado de la Fiscal\u00eda General, \u201clo primero que hizo\u201d fue mandar a allanar su casa por una nueva investigaci\u00f3n por presunto lavado de activos.<\/p>\n<p>\u201cHe declarado m\u00e1s que el propio presidente y obviamente \u00e9l tiene mucho m\u00e1s patrimonio que yo. He sido transparente en todo. Vayan a ver cu\u00e1nto pagan de impuestos mis empresas y a nivel personal mis hermanos y mi familia. Nosotros s\u00ed honramos las rentas\u201d, defendi\u00f3 el alcalde frente a las deudas que arrastraba el grupo empresarial de la familia Noboa hasta hace pocas semanas.<\/p>\n<p>Alvarez asegur\u00f3 que \u201ctodo el mundo se ha dado cuenta\u201d de que es \u201cun tema personal\u201d ante la posibilidad de que se lance a una reelecci\u00f3n en 2027, algo que no ha decidido, o que intente buscar la Presidencia. \u201c<strong>No lo ten\u00eda en mente (ser candidato presidencial), pero tienen jodido tanto el pa\u00eds que dan ganas a veces<\/strong>\u201d, afirm\u00f3.<\/p>\n<h3><strong>Presuntos v\u00ednculos con atentado bomba<\/strong><\/h3>\n<p>La autoridad municipal cree que ahora podr\u00edan llegar m\u00e1s \u201crepresalias\u201d en su contra, despu\u00e9s de que la semana pasada pidi\u00f3 explicaciones al Gobierno y a la Fiscal\u00eda sobre la liberaci\u00f3n de un sospechoso de provocar una explosi\u00f3n en La Bah\u00eda, una zona comercial de la urbe el pasado junio, y por los supuestos v\u00ednculos que tendr\u00eda con una empresa de la familia de Noboa.<\/p>\n<p>Por medio de las c\u00e1maras de vigilancia de la ciudad, las fuerzas de seguridad identificaron que el veh\u00edculo que presuntamente se hab\u00eda utilizado para colocar los explosivos lleg\u00f3 a una vivienda del sur de la ciudad, por lo que la allanaron y detuvieron a un hombre.<\/p>\n<p>Minutos despu\u00e9s, lleg\u00f3 hasta ese sitio un veh\u00edculo Porsche registrado a nombre de Industrial Molinera, empresa perteneciente a la familia de Noboa y que no hab\u00eda sido reportado como robado. Del autom\u00f3vil se baj\u00f3 una se\u00f1ora que ingres\u00f3 a la vivienda de donde hab\u00eda salido el sospechoso de poner los explosivos, que meses despu\u00e9s fue liberado.<\/p>\n<p>\u201c<strong>Este caso es fundamental porque antes de eso en Guayaquil no hab\u00edan bombas y hoy ya tenemos cuatro<\/strong>\u201d, se\u00f1al\u00f3 Alvarez<\/p>\n<p>\u201cHay un Porsche de Industrial Molinera que llega a la casa del presunto autor de la bomba con demasiados elementos de convicci\u00f3n. Nexo debe de haber. Nadie entra a esa zona en un Porsche sin resguardo policial y con toda la seguridad del mundo\u201d, indic\u00f3.<\/p>\n<p>El alcalde dijo que no ten\u00eda ninguna duda de que si ese veh\u00edculo hubiera pertenecido a una empresa suya \u201cya estar\u00eda preso\u201d, y que cree que el sospechoso liberado tiene \u201cpadrinos poderosos\u201d que le permitieron salir de la c\u00e1rcel donde cumpl\u00eda prisi\u00f3n preventiva sin ninguna acusaci\u00f3n.<\/p>\n<p>As\u00ed, critic\u00f3 que hasta el momento ni Noboa ni su familia ni desde el Gobierno se hayan pronunciado al respecto. \u201c<strong>Necesitamos respuestas. Esto no es un invento, aqu\u00ed est\u00e1 el video clarito. Deber\u00eda ser un esc\u00e1ndalo<\/strong>\u201d, apostill\u00f3.<\/p>\n","protected":false},"excerpt":{"rendered":"<p>Aquiles Alvarez, el alcalde de Guayaquil, la ciudad m\u00e1s poblada de Ecuador, asegur\u00f3 en una entrevista con\u00a0EFE\u00a0que es v\u00edctima de una persecuci\u00f3n por parte del presidente del pa\u00eds, Daniel Noboa, a trav\u00e9s de la Fiscal\u00eda con el objetivo de inhabilitarlo pol\u00edticamente \u201cpor alzar la voz\u201d contra el Gobierno, pero advirti\u00f3\u00a0que \u201cno van a poder\u201d con [&hellip;]<\/p>\n","protected":false},"author":1,"featured_media":16577,"comment_status":"open","ping_status":"open","sticky":false,"template":"","format":"standard","meta":{"footnotes":""},"categories":[12],"tags":[],"_links":{"self":[{"href":"https:\/\/infozamoraec.com\/index.php\/wp-json\/wp\/v2\/posts\/16576"}],"collection":[{"href":"https:\/\/infozamoraec.com\/index.php\/wp-json\/wp\/v2\/posts"}],"about":[{"href":"https:\/\/infozamoraec.com\/index.php\/wp-json\/wp\/v2\/types\/post"}],"author":[{"embeddable":true,"href":"https:\/\/infozamoraec.com\/index.php\/wp-json\/wp\/v2\/users\/1"}],"replies":[{"embeddable":true,"href":"https:\/\/infozamoraec.com\/index.php\/wp-json\/wp\/v2\/comments?post=16576"}],"version-history":[{"count":2,"href":"https:\/\/infozamoraec.com\/index.php\/wp-json\/wp\/v2\/posts\/16576\/revisions"}],"predecessor-version":[{"id":16579,"href":"https:\/\/infozamoraec.com\/index.php\/wp-json\/wp\/v2\/posts\/16576\/revisions\/16579"}],"wp:featuredmedia":[{"embeddable":true,"href":"https:\/\/infozamoraec.com\/index.php\/wp-json\/wp\/v2\/media\/16577"}],"wp:attachment":[{"href":"https:\/\/infozamoraec.com\/index.php\/wp-json\/wp\/v2\/media?parent=16576"}],"wp:term":[{"taxonomy":"category","embeddable":true,"href":"https:\/\/infozamoraec.com\/index.php\/wp-json\/wp\/v2\/categories?post=16576"},{"taxonomy":"post_tag","embeddable":true,"href":"https:\/\/infozamoraec.com\/index.php\/wp-json\/wp\/v2\/tags?post=16576"}],"curies":[{"name":"wp","href":"https:\/\/api.w.org\/{rel}","templated":true}]}}