{"id":16570,"date":"2025-10-21T01:54:41","date_gmt":"2025-10-21T01:54:41","guid":{"rendered":"https:\/\/infozamoraec.com\/?p=16570"},"modified":"2025-10-21T01:54:41","modified_gmt":"2025-10-21T01:54:41","slug":"ffaa-capturan-a-cinco-presuntos-miembros-de-oliver-sinisterra-en-imbabura","status":"publish","type":"post","link":"https:\/\/infozamoraec.com\/index.php\/2025\/10\/21\/ffaa-capturan-a-cinco-presuntos-miembros-de-oliver-sinisterra-en-imbabura\/","title":{"rendered":"FFAA capturan a cinco presuntos miembros de Oliver Sinisterra en Imbabura"},"content":{"rendered":"<p>El\u00a0<strong>Ej\u00e9rcito ecuatoriano<\/strong>\u00a0inform\u00f3 este lunes de la captura de cinco hombres, presuntamente integrantes del frente<strong>\u00a0Oliver Sinisterra<\/strong>, disidente de las\u00a0<strong>Fuerzas Armadas Revolucionarias de Colombia (FARC)<\/strong>.<\/p>\n<p>Las capturas tuvieron lugar en el marco de un operativo realizado en la zona de\u00a0<strong>Buenos Aires<\/strong>, en la provincia andina de\u00a0<strong>Imbabura<\/strong>, que desde hace 29 d\u00edas es el epicentro de las protestas ind\u00edgenas focalizadas contra -entre otros reclamos- la eliminaci\u00f3n del subsidio al di\u00e9sel.<\/p>\n<p>Entre los argumentos del Gobierno para eliminar esa subvenci\u00f3n estatal figura que de ese subsidio, presuntamente, se beneficiaban quienes est\u00e1n involucrados en el tr\u00e1fico de droga, de combustibles y en la\u00a0<a title=\"\" href=\"https:\/\/www.larepublica.ec\/blog\/2025\/10\/20\/noboa-le-dice-a-trump-que-ecuador-tiene-el-compromiso-de-acabar-con-la-mineria-ilegal\/\" target=\"_blank\" rel=\"noopener\">miner\u00eda ilegal<\/a>.<\/p>\n<p><strong>El Ej\u00e9rcito identific\u00f3 a los capturados como Jhoner Alexis M.M., Jhohan Steven Q.V., Welber Jair V.M, Jair R.A. y Rolando Alexander B.V. quienes fueron trasladados desde el lugar v\u00eda a\u00e9rea para entregarlos a las autoridades competentes.<\/strong><\/p>\n<p>En el operativo se decomisaron dos fusiles tipo R-15; tres fusiles FAL; 15 alimentadoras FAL; 7 cargadores de fusil R-15, cerca de 2.000 municiones y cuatro chalecos de combate de Fuerzas Militares Colombianas, entre otros, detall\u00f3 el Ej\u00e9rcito en un comunicado.<\/p>\n<p>El domingo, el presidente de Ecuador, Daniel Noboa, afirm\u00f3 que las fuerzas de seguridad mantienen los operativos y ataques contra la miner\u00eda ilegal en la localidad de Buenos Aires, y que no van a parar \u00abante presiones y amenazas\u00bb.<\/p>\n<p>\u00abNo vamos a parar ante presiones o amenazas. Vivimos en un Estado libre, de derecho, fuerte contra el narco. Seguimos atacando la miner\u00eda ilegal en Buenos Aires, provincia de Imbabura\u00bb, asegur\u00f3 en su cuenta de X, en la que tambi\u00e9n public\u00f3 un v\u00eddeo de un ataque a una zona monta\u00f1osa de la localidad.<\/p>\n<p>El Ministerio de Defensa asegur\u00f3 que las Fuerzas Armadas hab\u00edan tomado \u00abposesi\u00f3n total de Buenos Aires\u00bb, despu\u00e9s de que durante varios d\u00edas realizaron una \u00abintervenci\u00f3n estrat\u00e9gica\u00bb.<\/p>\n<p>Dicha intervenci\u00f3n incluy\u00f3 \u00abel uso de artiller\u00eda pesada, fuego de mortero y apoyo a\u00e9reo con aeronaves de alas fijas y rotativas, neutralizando las estructuras, procesadoras, poleas y campamentos que sosten\u00edan la actividad il\u00edcita\u00bb, detall\u00f3.<\/p>\n<p>El \u00e1rea intervenida abarc\u00f3 aproximadamente 187 hect\u00e1reas, en las cuales fueron destruidas m\u00e1s de 720 bocaminas, seg\u00fan el Ministerio, que a\u00f1adi\u00f3 que antes de las operaciones a\u00e9reas se realiz\u00f3 la evacuaci\u00f3n completa del \u00e1rea para garantizar la seguridad de la poblaci\u00f3n civil.<\/p>\n<p>La nueva captura se sum\u00f3 a la de la semana pasada, cuando se detuvo a siete personas, entre ellas a cinco colombianos, entre los que -seg\u00fan el Gobierno- tambi\u00e9n hab\u00eda miembros del frente Oliver Sinisterra.<\/p>\n<p>Ecuador vive desde 2024 bajo un \u2018conflicto armado interno\u2019, declarado por Noboa, para luchar contra las bandas delictivas, a quienes pas\u00f3 a denominar como \u00abterroristas\u00bb, y a quienes se le atribuye la escalada de violencia que vive el pa\u00eds andino en los \u00faltimos a\u00f1os, que lo ha ubicado a la cabeza en el \u00edndice de homicidios de Latinoam\u00e9rica.<\/p>\n<p>Esta situaci\u00f3n se ha agudizado en 2025, ya que en el primer semestre de este a\u00f1o el pa\u00eds registr\u00f3 4.619 homicidios, un 47 % m\u00e1s que en el mismo per\u00edodo de 2024, cuando se contabilizaron 3.143 asesinatos. EFE (I)<\/p>\n","protected":false},"excerpt":{"rendered":"<p>El\u00a0Ej\u00e9rcito ecuatoriano\u00a0inform\u00f3 este lunes de la captura de cinco hombres, presuntamente integrantes del frente\u00a0Oliver Sinisterra, disidente de las\u00a0Fuerzas Armadas Revolucionarias de Colombia (FARC). Las capturas tuvieron lugar en el marco de un operativo realizado en la zona de\u00a0Buenos Aires, en la provincia andina de\u00a0Imbabura, que desde hace 29 d\u00edas es el epicentro de las protestas [&hellip;]<\/p>\n","protected":false},"author":1,"featured_media":16571,"comment_status":"open","ping_status":"open","sticky":false,"template":"","format":"standard","meta":{"footnotes":""},"categories":[12],"tags":[],"_links":{"self":[{"href":"https:\/\/infozamoraec.com\/index.php\/wp-json\/wp\/v2\/posts\/16570"}],"collection":[{"href":"https:\/\/infozamoraec.com\/index.php\/wp-json\/wp\/v2\/posts"}],"about":[{"href":"https:\/\/infozamoraec.com\/index.php\/wp-json\/wp\/v2\/types\/post"}],"author":[{"embeddable":true,"href":"https:\/\/infozamoraec.com\/index.php\/wp-json\/wp\/v2\/users\/1"}],"replies":[{"embeddable":true,"href":"https:\/\/infozamoraec.com\/index.php\/wp-json\/wp\/v2\/comments?post=16570"}],"version-history":[{"count":1,"href":"https:\/\/infozamoraec.com\/index.php\/wp-json\/wp\/v2\/posts\/16570\/revisions"}],"predecessor-version":[{"id":16572,"href":"https:\/\/infozamoraec.com\/index.php\/wp-json\/wp\/v2\/posts\/16570\/revisions\/16572"}],"wp:featuredmedia":[{"embeddable":true,"href":"https:\/\/infozamoraec.com\/index.php\/wp-json\/wp\/v2\/media\/16571"}],"wp:attachment":[{"href":"https:\/\/infozamoraec.com\/index.php\/wp-json\/wp\/v2\/media?parent=16570"}],"wp:term":[{"taxonomy":"category","embeddable":true,"href":"https:\/\/infozamoraec.com\/index.php\/wp-json\/wp\/v2\/categories?post=16570"},{"taxonomy":"post_tag","embeddable":true,"href":"https:\/\/infozamoraec.com\/index.php\/wp-json\/wp\/v2\/tags?post=16570"}],"curies":[{"name":"wp","href":"https:\/\/api.w.org\/{rel}","templated":true}]}}