{"id":16568,"date":"2025-10-21T02:10:46","date_gmt":"2025-10-21T02:10:46","guid":{"rendered":"https:\/\/infozamoraec.com\/?p=16568"},"modified":"2025-10-21T02:11:06","modified_gmt":"2025-10-21T02:11:06","slug":"accidente-de-transito-en-el-pangui-deja-un-herido-2","status":"publish","type":"post","link":"https:\/\/infozamoraec.com\/index.php\/2025\/10\/21\/accidente-de-transito-en-el-pangui-deja-un-herido-2\/","title":{"rendered":"Accidente de tr\u00e1nsito en El Pangui  deja un herido"},"content":{"rendered":"<p data-start=\"72\" data-end=\"349\">La <strong data-start=\"134\" data-end=\"166\">Polic\u00eda Nacional del Ecuador<\/strong> report\u00f3 un siniestro de tr\u00e1nsito ocurrido la noche de este s\u00e1bado en la v\u00eda<strong data-start=\"239\" data-end=\"268\">\u00a0Troncal Amaz\u00f3nica<\/strong>, sector <em data-start=\"277\" data-end=\"287\">La Recta<\/em>, en el cant\u00f3n <strong data-start=\"302\" data-end=\"315\">El Pangui<\/strong>, provincia de Zamora Chinchipe.<\/p>\n<p data-start=\"351\" data-end=\"582\">De acuerdo con el informe preliminar, el hecho se registr\u00f3 aproximadamente a las <strong data-start=\"432\" data-end=\"441\">23h00 del 18 de octubre<\/strong>, el aparatoso accidente fue clasificado como <strong data-start=\"460\" data-end=\"489\">choque frontal exc\u00e9ntrico<\/strong> entre una camioneta y una motocicleta. La causa del accidente a\u00fan est\u00e1 <strong data-start=\"561\" data-end=\"579\">por determinar<\/strong>.<\/p>\n<p data-start=\"584\" data-end=\"639\">Los veh\u00edculos involucrados fueron identificados como:<\/p>\n<ul data-start=\"640\" data-end=\"1026\">\n<li data-start=\"640\" data-end=\"789\">\n<p data-start=\"642\" data-end=\"789\"><strong data-start=\"642\" data-end=\"668\">Chevrolet doble cabina,<\/strong> color plateado, \u00a0presuntamente conducido por <strong data-start=\"734\" data-end=\"765\">Pedro Richard M. D.<\/strong><\/p>\n<\/li>\n<li data-start=\"790\" data-end=\"1026\">\n<p data-start=\"792\" data-end=\"1026\"><strong data-start=\"792\" data-end=\"817\">Motocicleta, marca Motor Uno,<\/strong> color negro,\u00a0conducida por <strong data-start=\"864\" data-end=\"892\">Carlos Manuel L. G.<\/strong>, de 24 a\u00f1os, quien result\u00f3 <strong data-start=\"920\" data-end=\"930\">herido<\/strong> y fue trasladado al <strong data-start=\"951\" data-end=\"983\">Hospital B\u00e1sico de El Pangui<\/strong> por personal del <strong data-start=\"1001\" data-end=\"1023\">Cuerpo de Bomberos<\/strong>.<\/p>\n<\/li>\n<\/ul>\n<p data-start=\"1028\" data-end=\"1248\">No se registraron personas fallecidas ni aprehendidas. Los veh\u00edculos siniestrados fueron <strong data-start=\"1117\" data-end=\"1144\">retenidos y trasladados<\/strong> hasta los <strong data-start=\"1155\" data-end=\"1203\">patios de la Jefatura Provincial de Tr\u00e1nsito<\/strong> para las investigaciones correspondientes.<\/p>\n<p data-start=\"1250\" data-end=\"1399\" data-is-last-node=\"\" data-is-only-node=\"\">La <strong data-start=\"1253\" data-end=\"1273\">Polic\u00eda Nacional<\/strong> realiz\u00f3 las pericias necesarias para establecer las circunstancias exactas del accidente y determinar responsabilidades.<\/p>\n","protected":false},"excerpt":{"rendered":"<p>La Polic\u00eda Nacional del Ecuador report\u00f3 un siniestro de tr\u00e1nsito ocurrido la noche de este s\u00e1bado en la v\u00eda\u00a0Troncal Amaz\u00f3nica, sector La Recta, en el cant\u00f3n El Pangui, provincia de Zamora Chinchipe. De acuerdo con el informe preliminar, el hecho se registr\u00f3 aproximadamente a las 23h00 del 18 de octubre, el aparatoso accidente fue clasificado [&hellip;]<\/p>\n","protected":false},"author":1,"featured_media":16569,"comment_status":"open","ping_status":"open","sticky":false,"template":"","format":"standard","meta":{"footnotes":""},"categories":[9],"tags":[],"_links":{"self":[{"href":"https:\/\/infozamoraec.com\/index.php\/wp-json\/wp\/v2\/posts\/16568"}],"collection":[{"href":"https:\/\/infozamoraec.com\/index.php\/wp-json\/wp\/v2\/posts"}],"about":[{"href":"https:\/\/infozamoraec.com\/index.php\/wp-json\/wp\/v2\/types\/post"}],"author":[{"embeddable":true,"href":"https:\/\/infozamoraec.com\/index.php\/wp-json\/wp\/v2\/users\/1"}],"replies":[{"embeddable":true,"href":"https:\/\/infozamoraec.com\/index.php\/wp-json\/wp\/v2\/comments?post=16568"}],"version-history":[{"count":1,"href":"https:\/\/infozamoraec.com\/index.php\/wp-json\/wp\/v2\/posts\/16568\/revisions"}],"predecessor-version":[{"id":16590,"href":"https:\/\/infozamoraec.com\/index.php\/wp-json\/wp\/v2\/posts\/16568\/revisions\/16590"}],"wp:featuredmedia":[{"embeddable":true,"href":"https:\/\/infozamoraec.com\/index.php\/wp-json\/wp\/v2\/media\/16569"}],"wp:attachment":[{"href":"https:\/\/infozamoraec.com\/index.php\/wp-json\/wp\/v2\/media?parent=16568"}],"wp:term":[{"taxonomy":"category","embeddable":true,"href":"https:\/\/infozamoraec.com\/index.php\/wp-json\/wp\/v2\/categories?post=16568"},{"taxonomy":"post_tag","embeddable":true,"href":"https:\/\/infozamoraec.com\/index.php\/wp-json\/wp\/v2\/tags?post=16568"}],"curies":[{"name":"wp","href":"https:\/\/api.w.org\/{rel}","templated":true}]}}