{"id":16564,"date":"2025-10-21T01:47:11","date_gmt":"2025-10-21T01:47:11","guid":{"rendered":"https:\/\/infozamoraec.com\/?p=16564"},"modified":"2025-10-21T01:47:11","modified_gmt":"2025-10-21T01:47:11","slug":"capacitacion-presencial-obligatoria-para-miembros-de-juntas-receptoras-del-voto","status":"publish","type":"post","link":"https:\/\/infozamoraec.com\/index.php\/2025\/10\/21\/capacitacion-presencial-obligatoria-para-miembros-de-juntas-receptoras-del-voto\/","title":{"rendered":"Capacitaci\u00f3n presencial obligatoria para Miembros de Juntas Receptoras del Voto"},"content":{"rendered":"<p>La ciudadan\u00eda designada como <strong>Miembro de Junta Receptora del Voto <\/strong>(MJRV) para el Refer\u00e9ndum y Consulta Popular 2025 debe cumplir con su <strong>capacitaci\u00f3n presencial obligatoria<\/strong>. As\u00ed lo inform\u00f3 el Consejo Nacional Electoral (CNE) este 19 de octubre, mediante cadena nacional de radio y televisi\u00f3n.<\/p>\n<p>En este contexto, <strong>573 puntos de capacitaci\u00f3n<\/strong>, entre fijos y m\u00f3viles, se encuentran habilitados a escala nacional y estar\u00e1n disponibles <strong>hasta un d\u00eda antes de las elecciones<\/strong>, es decir, el 15 de noviembre, en el horario de 08:30 a 17:00. La informaci\u00f3n se encuentra disponible en <strong>www.cne.gob.ec.<\/strong><\/p>\n<p>Es importante destacar que la capacitaci\u00f3n para los MJRV es presencial, pero podr\u00e1 reforzarse de manera virtual.<\/p>\n<p>El CNE diversifica sus canales informativos para promover el <strong>voto informado <\/strong>de los ecuatorianos el <strong>domingo 16 de noviembre<\/strong>.<\/p>\n","protected":false},"excerpt":{"rendered":"<p>La ciudadan\u00eda designada como Miembro de Junta Receptora del Voto (MJRV) para el Refer\u00e9ndum y Consulta Popular 2025 debe cumplir con su capacitaci\u00f3n presencial obligatoria. As\u00ed lo inform\u00f3 el Consejo Nacional Electoral (CNE) este 19 de octubre, mediante cadena nacional de radio y televisi\u00f3n. En este contexto, 573 puntos de capacitaci\u00f3n, entre fijos y m\u00f3viles, [&hellip;]<\/p>\n","protected":false},"author":1,"featured_media":16565,"comment_status":"open","ping_status":"open","sticky":false,"template":"","format":"standard","meta":{"footnotes":""},"categories":[12],"tags":[],"_links":{"self":[{"href":"https:\/\/infozamoraec.com\/index.php\/wp-json\/wp\/v2\/posts\/16564"}],"collection":[{"href":"https:\/\/infozamoraec.com\/index.php\/wp-json\/wp\/v2\/posts"}],"about":[{"href":"https:\/\/infozamoraec.com\/index.php\/wp-json\/wp\/v2\/types\/post"}],"author":[{"embeddable":true,"href":"https:\/\/infozamoraec.com\/index.php\/wp-json\/wp\/v2\/users\/1"}],"replies":[{"embeddable":true,"href":"https:\/\/infozamoraec.com\/index.php\/wp-json\/wp\/v2\/comments?post=16564"}],"version-history":[{"count":2,"href":"https:\/\/infozamoraec.com\/index.php\/wp-json\/wp\/v2\/posts\/16564\/revisions"}],"predecessor-version":[{"id":16567,"href":"https:\/\/infozamoraec.com\/index.php\/wp-json\/wp\/v2\/posts\/16564\/revisions\/16567"}],"wp:featuredmedia":[{"embeddable":true,"href":"https:\/\/infozamoraec.com\/index.php\/wp-json\/wp\/v2\/media\/16565"}],"wp:attachment":[{"href":"https:\/\/infozamoraec.com\/index.php\/wp-json\/wp\/v2\/media?parent=16564"}],"wp:term":[{"taxonomy":"category","embeddable":true,"href":"https:\/\/infozamoraec.com\/index.php\/wp-json\/wp\/v2\/categories?post=16564"},{"taxonomy":"post_tag","embeddable":true,"href":"https:\/\/infozamoraec.com\/index.php\/wp-json\/wp\/v2\/tags?post=16564"}],"curies":[{"name":"wp","href":"https:\/\/api.w.org\/{rel}","templated":true}]}}