{"id":16560,"date":"2025-10-21T01:45:05","date_gmt":"2025-10-21T01:45:05","guid":{"rendered":"https:\/\/infozamoraec.com\/?p=16560"},"modified":"2025-10-21T01:45:05","modified_gmt":"2025-10-21T01:45:05","slug":"inauguraron-nuevo-sistema-electrico-en-el-barrio-santa-rosa-el-pangui","status":"publish","type":"post","link":"https:\/\/infozamoraec.com\/index.php\/2025\/10\/21\/inauguraron-nuevo-sistema-electrico-en-el-barrio-santa-rosa-el-pangui\/","title":{"rendered":"Inauguraron  nuevo sistema el\u00e9ctrico en el barrio Santa Rosa, El Pangui."},"content":{"rendered":"<p>El barrio Santa Rosa, perteneciente al cant\u00f3n El Pangui, vivi\u00f3 una jornada llena de alegr\u00eda y emoci\u00f3n durante la inauguraci\u00f3n de su nuevo sistema el\u00e9ctrico, una obra que ya brinda servicio a la comunidad.<\/p>\n<p>M\u00e1s de 80 familias de este barrio, cuentan ahora con un sistema el\u00e9ctrico m\u00e1s seguro y eficiente, que contribuye al bienestar y mejora la calidad de vida de todos los habitantes de este sector.<\/p>\n<p>El proyecto contempl\u00f3 la instalaci\u00f3n de 24 luminarias led, la incorporaci\u00f3n de 2 transformadores y la renovaci\u00f3n de 730 metros lineales de redes el\u00e9ctricas, todo esto con una inversi\u00f3n de $ 68.515,21.<\/p>\n<p>Durante el acto de inauguraci\u00f3n, \u00c1ngel Ar\u00e9valo, presidente del barrio, expres\u00f3 su agradecimiento al ayuntamiento por priorizar la atenci\u00f3n a los sectores m\u00e1s alejados del cant\u00f3n \u2018\u2018nuestro barrio por las noches se ha transformado, estamos iluminados, y sin duda que nos sentimos muy agradecidos\u2019\u2019.<\/p>\n<p>Por su parte, Klever Juepa, en representaci\u00f3n del Consejo Municipal, destac\u00f3 el compromiso permanente de la instituci\u00f3n para aprobar y ejecutar proyectos que garantizan los servici\u00f3 b\u00e1sicos necesarios, especialmente en las zonas rurales del cant\u00f3n de manera equitativa, cuidando e invirtiendo los recursos econ\u00f3micos con responsabilidad para cambiar la vida de las familias panguenses.<\/p>\n<p>Finalmente, el Jairo Herrera, alcalde del cant\u00f3n El Pangui, reafirm\u00f3 la responsabilidad que la administraci\u00f3n municipal tiene con los sectores hist\u00f3ricamente olvidados, se\u00f1alando que estas obras son el resultado del trabajo conjunto y la planificaci\u00f3n responsable \u201cpara m\u00ed el tiempo es oro, agradecerles por ese apoyo, hoy se hace realidad un gran sue\u00f1o, siempre cuenten con nuestro apoyo, porque nacimos para servir y nacimos para construir\u201d expreso.<\/p>\n<p>Con esta inauguraci\u00f3n, la Alcald\u00eda de El Pangui contin\u00faa con su objetivo de entregar una obra por semana, garantizando as\u00ed el acceso a servicios p\u00fablicos de calidad y fortaleciendo el desarrollo integral de sus comunidades.<\/p>\n","protected":false},"excerpt":{"rendered":"<p>El barrio Santa Rosa, perteneciente al cant\u00f3n El Pangui, vivi\u00f3 una jornada llena de alegr\u00eda y emoci\u00f3n durante la inauguraci\u00f3n de su nuevo sistema el\u00e9ctrico, una obra que ya brinda servicio a la comunidad. M\u00e1s de 80 familias de este barrio, cuentan ahora con un sistema el\u00e9ctrico m\u00e1s seguro y eficiente, que contribuye al bienestar [&hellip;]<\/p>\n","protected":false},"author":1,"featured_media":16561,"comment_status":"open","ping_status":"open","sticky":false,"template":"","format":"standard","meta":{"footnotes":""},"categories":[9],"tags":[],"_links":{"self":[{"href":"https:\/\/infozamoraec.com\/index.php\/wp-json\/wp\/v2\/posts\/16560"}],"collection":[{"href":"https:\/\/infozamoraec.com\/index.php\/wp-json\/wp\/v2\/posts"}],"about":[{"href":"https:\/\/infozamoraec.com\/index.php\/wp-json\/wp\/v2\/types\/post"}],"author":[{"embeddable":true,"href":"https:\/\/infozamoraec.com\/index.php\/wp-json\/wp\/v2\/users\/1"}],"replies":[{"embeddable":true,"href":"https:\/\/infozamoraec.com\/index.php\/wp-json\/wp\/v2\/comments?post=16560"}],"version-history":[{"count":2,"href":"https:\/\/infozamoraec.com\/index.php\/wp-json\/wp\/v2\/posts\/16560\/revisions"}],"predecessor-version":[{"id":16563,"href":"https:\/\/infozamoraec.com\/index.php\/wp-json\/wp\/v2\/posts\/16560\/revisions\/16563"}],"wp:featuredmedia":[{"embeddable":true,"href":"https:\/\/infozamoraec.com\/index.php\/wp-json\/wp\/v2\/media\/16561"}],"wp:attachment":[{"href":"https:\/\/infozamoraec.com\/index.php\/wp-json\/wp\/v2\/media?parent=16560"}],"wp:term":[{"taxonomy":"category","embeddable":true,"href":"https:\/\/infozamoraec.com\/index.php\/wp-json\/wp\/v2\/categories?post=16560"},{"taxonomy":"post_tag","embeddable":true,"href":"https:\/\/infozamoraec.com\/index.php\/wp-json\/wp\/v2\/tags?post=16560"}],"curies":[{"name":"wp","href":"https:\/\/api.w.org\/{rel}","templated":true}]}}