{"id":16551,"date":"2025-10-21T01:36:22","date_gmt":"2025-10-21T01:36:22","guid":{"rendered":"https:\/\/infozamoraec.com\/?p=16551"},"modified":"2025-10-21T01:36:28","modified_gmt":"2025-10-21T01:36:28","slug":"tercer-encuentro-afroecuatoriano-se-desarrollara-en-centinela-del-condor","status":"publish","type":"post","link":"https:\/\/infozamoraec.com\/index.php\/2025\/10\/21\/tercer-encuentro-afroecuatoriano-se-desarrollara-en-centinela-del-condor\/","title":{"rendered":"Tercer Encuentro Afroecuatoriano se desarrollar\u00e1  en Centinela del C\u00f3ndor"},"content":{"rendered":"<p style=\"font-weight: 400;\">Este 7 de noviembre de 2025, en la ciudad de Zumbi del cant\u00f3n Centinela del C\u00f3ndor, se vivir\u00e1 la 3era. Edici\u00f3n del\u00a0<strong>\u201cCATANGA 2025\u201d,<\/strong>\u00a0una celebraci\u00f3n enfocada a valorar el pueblo Afroecuatoriano. Esta actividad la realiza la Prefectura de Zamora Chinchipe a trav\u00e9s del proyecto de\u00a0<strong>\u201cPueblos y Nacionalidades\u201d<\/strong>\u00a0de la direcci\u00f3n de Inclusi\u00f3n Social de la instituci\u00f3n provincial, junto al Municipio local, y el Colectivo de Afroecuatorianos, con el objetivo de potenciar la interculturalidad de la provincia.<\/p>\n<p style=\"font-weight: 400;\">Mercedes Obando, secretaria del Colectivo Afrodescendiente de Zamora Chinchipe, dio la bienvenida a las autoridades involucradas y agradeci\u00f3 por ese apoyo mayoritario que va en beneficio de seguir manteniendo vivas las ra\u00edces de su pueblo en Zamora Chinchipe. Puesto que, son alrededor de 2.500 afros que viven en esta Provincia oriental.<\/p>\n<p style=\"font-weight: 400;\">La primera autoridad de la Prefectura sostuvo que este encuentro se enmarca en la agenda de fortalecimiento cultural de Zamora Chinchipe,\u00a0<strong>\u201cnuestra felicitaci\u00f3n a la unidad del colectivo Afroecuatoriano. Desde la Prefectura seguiremos brindando el apoyo t\u00e9cnico y log\u00edstico para seguir dando el valor que merecen todos los pueblos y nacionalidades de la Provincia\u201d.<\/strong><\/p>\n<p style=\"font-weight: 400;\">La jornada contar\u00e1 con actividades como, gastronom\u00eda, emprendimientos, juegos ancestrales y tradicionales, exposiciones de medicina alternativa, conversatorios, deporte, reconocimientos (\u2026).<\/p>\n<p style=\"font-weight: 400;\">El cant\u00f3n Centinela del C\u00f3ndor ser\u00e1 el anfitri\u00f3n del evento, en ese sentido, Pablo Cisneros, en representaci\u00f3n del alcalde manifest\u00f3 que,\u00a0<strong>\u201cnuestra provincia posee una riqueza cultural exuberante, en hora buena por el sincretismo de los pueblos, que, a m\u00e1s de fortalecer su propia identidad, fortalece el turismo. Como Gad Municipal estamos gustosos de recibir esta festividad, todos invitados\u201d.<\/strong><\/p>\n<p style=\"font-weight: 400;\">La\u00a0<strong>\u201cCatanga\u201d<\/strong>\u00a0es un utensilio cil\u00edndrico elaborado a base de ca\u00f1a de guad\u00faa, reforzada con ramas de bejuco, actualmente todav\u00eda se usa en algunas comunidades afroecuatorianas de la provincia de Esmeraldas que sirve para atrapar peces y camarones, y es un medio de subsistencia para las comunidades.<\/p>\n<p style=\"font-weight: 400;\"><strong>Dato:<\/strong><\/p>\n<p style=\"font-weight: 400;\">Recordar que, la primera edici\u00f3n de este festival se realiz\u00f3 en Yantzaza, la segunda edici\u00f3n fue en Zamora.<\/p>\n<p style=\"font-weight: 400;\">\n","protected":false},"excerpt":{"rendered":"<p>Este 7 de noviembre de 2025, en la ciudad de Zumbi del cant\u00f3n Centinela del C\u00f3ndor, se vivir\u00e1 la 3era. Edici\u00f3n del\u00a0\u201cCATANGA 2025\u201d,\u00a0una celebraci\u00f3n enfocada a valorar el pueblo Afroecuatoriano. Esta actividad la realiza la Prefectura de Zamora Chinchipe a trav\u00e9s del proyecto de\u00a0\u201cPueblos y Nacionalidades\u201d\u00a0de la direcci\u00f3n de Inclusi\u00f3n Social de la instituci\u00f3n provincial, [&hellip;]<\/p>\n","protected":false},"author":1,"featured_media":16552,"comment_status":"open","ping_status":"open","sticky":false,"template":"","format":"standard","meta":{"footnotes":""},"categories":[9],"tags":[],"_links":{"self":[{"href":"https:\/\/infozamoraec.com\/index.php\/wp-json\/wp\/v2\/posts\/16551"}],"collection":[{"href":"https:\/\/infozamoraec.com\/index.php\/wp-json\/wp\/v2\/posts"}],"about":[{"href":"https:\/\/infozamoraec.com\/index.php\/wp-json\/wp\/v2\/types\/post"}],"author":[{"embeddable":true,"href":"https:\/\/infozamoraec.com\/index.php\/wp-json\/wp\/v2\/users\/1"}],"replies":[{"embeddable":true,"href":"https:\/\/infozamoraec.com\/index.php\/wp-json\/wp\/v2\/comments?post=16551"}],"version-history":[{"count":2,"href":"https:\/\/infozamoraec.com\/index.php\/wp-json\/wp\/v2\/posts\/16551\/revisions"}],"predecessor-version":[{"id":16554,"href":"https:\/\/infozamoraec.com\/index.php\/wp-json\/wp\/v2\/posts\/16551\/revisions\/16554"}],"wp:featuredmedia":[{"embeddable":true,"href":"https:\/\/infozamoraec.com\/index.php\/wp-json\/wp\/v2\/media\/16552"}],"wp:attachment":[{"href":"https:\/\/infozamoraec.com\/index.php\/wp-json\/wp\/v2\/media?parent=16551"}],"wp:term":[{"taxonomy":"category","embeddable":true,"href":"https:\/\/infozamoraec.com\/index.php\/wp-json\/wp\/v2\/categories?post=16551"},{"taxonomy":"post_tag","embeddable":true,"href":"https:\/\/infozamoraec.com\/index.php\/wp-json\/wp\/v2\/tags?post=16551"}],"curies":[{"name":"wp","href":"https:\/\/api.w.org\/{rel}","templated":true}]}}