{"id":16544,"date":"2025-10-18T01:00:27","date_gmt":"2025-10-18T01:00:27","guid":{"rendered":"https:\/\/infozamoraec.com\/?p=16544"},"modified":"2025-10-18T01:00:27","modified_gmt":"2025-10-18T01:00:27","slug":"peru-cesan-a-jefe-policial-de-lima-tras-violentas-protestas","status":"publish","type":"post","link":"https:\/\/infozamoraec.com\/index.php\/2025\/10\/18\/peru-cesan-a-jefe-policial-de-lima-tras-violentas-protestas\/","title":{"rendered":"Per\u00fa: cesan a jefe policial de Lima tras violentas protestas"},"content":{"rendered":"<p>El nuevo gobierno de Per\u00fa suspendi\u00f3 el viernes (17.10.2025) al jefe de la polic\u00eda de Lima tras las protestas en la capital, que dejaron un muerto a manos de un suboficial y m\u00e1s de un centenar de heridos.<\/p>\n<p>J\u00f3venes de la Generaci\u00f3n Z lideraron las manifestaciones del mi\u00e9rcoles contra el Congreso y el gobierno de derecha que el 10 de octubre reemplaz\u00f3 al de la impopular presidenta Dina Boluarte.<\/p>\n<p>Las marchas, que se han intensificado en el \u00faltimo mes al grito de que \u00abse vayan todos\u00bb, se enmarcan en la peor crisis de inseguridad que enfrenta Per\u00fa, y especialmente Lima, por cuenta de las extorsiones y asesinatos del crimen organizado.<\/p>\n<p>Durante la m\u00e1s reciente manifestaci\u00f3n, el rapero Eduardo Ruiz, de 32 a\u00f1os, muri\u00f3 por el disparo de un suboficial que fue detenido y ser\u00e1 separado de la polic\u00eda.<\/p>\n<p>Al menos 113 personas resultaron heridas entre uniformados y civiles, seg\u00fan el balance de autoridades<\/p>\n","protected":false},"excerpt":{"rendered":"<p>El nuevo gobierno de Per\u00fa suspendi\u00f3 el viernes (17.10.2025) al jefe de la polic\u00eda de Lima tras las protestas en la capital, que dejaron un muerto a manos de un suboficial y m\u00e1s de un centenar de heridos. J\u00f3venes de la Generaci\u00f3n Z lideraron las manifestaciones del mi\u00e9rcoles contra el Congreso y el gobierno de [&hellip;]<\/p>\n","protected":false},"author":1,"featured_media":16545,"comment_status":"open","ping_status":"open","sticky":false,"template":"","format":"standard","meta":{"footnotes":""},"categories":[8],"tags":[],"_links":{"self":[{"href":"https:\/\/infozamoraec.com\/index.php\/wp-json\/wp\/v2\/posts\/16544"}],"collection":[{"href":"https:\/\/infozamoraec.com\/index.php\/wp-json\/wp\/v2\/posts"}],"about":[{"href":"https:\/\/infozamoraec.com\/index.php\/wp-json\/wp\/v2\/types\/post"}],"author":[{"embeddable":true,"href":"https:\/\/infozamoraec.com\/index.php\/wp-json\/wp\/v2\/users\/1"}],"replies":[{"embeddable":true,"href":"https:\/\/infozamoraec.com\/index.php\/wp-json\/wp\/v2\/comments?post=16544"}],"version-history":[{"count":1,"href":"https:\/\/infozamoraec.com\/index.php\/wp-json\/wp\/v2\/posts\/16544\/revisions"}],"predecessor-version":[{"id":16546,"href":"https:\/\/infozamoraec.com\/index.php\/wp-json\/wp\/v2\/posts\/16544\/revisions\/16546"}],"wp:featuredmedia":[{"embeddable":true,"href":"https:\/\/infozamoraec.com\/index.php\/wp-json\/wp\/v2\/media\/16545"}],"wp:attachment":[{"href":"https:\/\/infozamoraec.com\/index.php\/wp-json\/wp\/v2\/media?parent=16544"}],"wp:term":[{"taxonomy":"category","embeddable":true,"href":"https:\/\/infozamoraec.com\/index.php\/wp-json\/wp\/v2\/categories?post=16544"},{"taxonomy":"post_tag","embeddable":true,"href":"https:\/\/infozamoraec.com\/index.php\/wp-json\/wp\/v2\/tags?post=16544"}],"curies":[{"name":"wp","href":"https:\/\/api.w.org\/{rel}","templated":true}]}}