{"id":16538,"date":"2025-10-18T00:56:06","date_gmt":"2025-10-18T00:56:06","guid":{"rendered":"https:\/\/infozamoraec.com\/?p=16538"},"modified":"2025-10-18T00:56:06","modified_gmt":"2025-10-18T00:56:06","slug":"colombia-indigenas-hieren-a-cuatro-policias-en-protesta","status":"publish","type":"post","link":"https:\/\/infozamoraec.com\/index.php\/2025\/10\/18\/colombia-indigenas-hieren-a-cuatro-policias-en-protesta\/","title":{"rendered":"Colombia: ind\u00edgenas hieren a cuatro polic\u00edas en protesta"},"content":{"rendered":"<p>Cuatro polic\u00edas de\u00a0<a class=\"internal-link\" href=\"https:\/\/www.dw.com\/es\/colombia\/t-17411736\" target=\"_blank\" rel=\"noopener\">Colombia<\/a>\u00a0resultaron heridos este viernes (17.10.2025) luego de ser atacados con flechas por un grupo de ind\u00edgenas que protesta frente a la Embajada de\u00a0<a class=\"internal-link\" href=\"https:\/\/www.dw.com\/es\/estados-unidos\/t-17411942\" target=\"_blank\" rel=\"noopener\">Estados Unidos<\/a>\u00a0en Bogot\u00e1 contra la pol\u00edtica de ese pa\u00eds hacia Gaza, Venezuela y Ecuador.<\/p>\n<p>La manifestaci\u00f3n fue convocada por grupos de la sociedad civil como parte de una \u00abjornada antiimperialista\u00bb y se torn\u00f3 violenta frente a la sede diplom\u00e1tica de Estados Unidos, ubicada en el occidente de Bogot\u00e1, sobre una de las avenidas neur\u00e1lgicas de la ciudad, lo que oblig\u00f3 a la intervenci\u00f3n de la Polic\u00eda.<\/p>\n<p>\u00abLe he dado la instrucci\u00f3n a la Polic\u00eda de intervenir en inmediaciones de la Embajada de Estados Unidos, donde unos delincuentes, algunos encapuchados, atacaron a la embajada con artefactos incendiarios, explosivos y flechas\u00bb, dijo en X el alcalde de Bogot\u00e1, Carlos Fernando Gal\u00e1n.<\/p>\n<p>Gal\u00e1n detall\u00f3 que los cuatro polic\u00edas \u00abresultaron heridos en cara, pierna y brazos\u00bb y reiter\u00f3 que \u00aben Bogot\u00e1 no hay espacio para la violencia\u00bb.<\/p>\n<h2>Responder\u00e1n con el uso leg\u00edtimo de la fuerza<\/h2>\n<p>\u00abDenunciaremos estos actos ante autoridades judiciales, Defensor\u00eda del Pueblo y ONU. Siempre que haya violencia y destrucci\u00f3n, en Bogot\u00e1 vamos a responder con el uso leg\u00edtimo de la fuerza, como hicimos hoy\u00bb, concluy\u00f3 Gal\u00e1n.<\/p>\n<p>Entre los manifestantes hay varios integrantes del llamado Congreso de los Pueblos, una plataforma que agrupa comunidades ind\u00edgenas, campesinas, afrodescendientes y movimientos sociales.<\/p>\n<p>El Congreso de los Pueblos lleg\u00f3 a Bogot\u00e1 el pasado 13 de octubre y, sin autorizaci\u00f3n, se tom\u00f3 una plazoleta de la Universidad Nacional, la principal del sector p\u00fablico colombiano, y actualmente controla el ingreso al campus.<\/p>\n<p>mg (efe, El Tiempo)<\/p>\n","protected":false},"excerpt":{"rendered":"<p>Cuatro polic\u00edas de\u00a0Colombia\u00a0resultaron heridos este viernes (17.10.2025) luego de ser atacados con flechas por un grupo de ind\u00edgenas que protesta frente a la Embajada de\u00a0Estados Unidos\u00a0en Bogot\u00e1 contra la pol\u00edtica de ese pa\u00eds hacia Gaza, Venezuela y Ecuador. La manifestaci\u00f3n fue convocada por grupos de la sociedad civil como parte de una \u00abjornada antiimperialista\u00bb y [&hellip;]<\/p>\n","protected":false},"author":1,"featured_media":16539,"comment_status":"open","ping_status":"open","sticky":false,"template":"","format":"standard","meta":{"footnotes":""},"categories":[8],"tags":[],"_links":{"self":[{"href":"https:\/\/infozamoraec.com\/index.php\/wp-json\/wp\/v2\/posts\/16538"}],"collection":[{"href":"https:\/\/infozamoraec.com\/index.php\/wp-json\/wp\/v2\/posts"}],"about":[{"href":"https:\/\/infozamoraec.com\/index.php\/wp-json\/wp\/v2\/types\/post"}],"author":[{"embeddable":true,"href":"https:\/\/infozamoraec.com\/index.php\/wp-json\/wp\/v2\/users\/1"}],"replies":[{"embeddable":true,"href":"https:\/\/infozamoraec.com\/index.php\/wp-json\/wp\/v2\/comments?post=16538"}],"version-history":[{"count":1,"href":"https:\/\/infozamoraec.com\/index.php\/wp-json\/wp\/v2\/posts\/16538\/revisions"}],"predecessor-version":[{"id":16540,"href":"https:\/\/infozamoraec.com\/index.php\/wp-json\/wp\/v2\/posts\/16538\/revisions\/16540"}],"wp:featuredmedia":[{"embeddable":true,"href":"https:\/\/infozamoraec.com\/index.php\/wp-json\/wp\/v2\/media\/16539"}],"wp:attachment":[{"href":"https:\/\/infozamoraec.com\/index.php\/wp-json\/wp\/v2\/media?parent=16538"}],"wp:term":[{"taxonomy":"category","embeddable":true,"href":"https:\/\/infozamoraec.com\/index.php\/wp-json\/wp\/v2\/categories?post=16538"},{"taxonomy":"post_tag","embeddable":true,"href":"https:\/\/infozamoraec.com\/index.php\/wp-json\/wp\/v2\/tags?post=16538"}],"curies":[{"name":"wp","href":"https:\/\/api.w.org\/{rel}","templated":true}]}}