{"id":16535,"date":"2025-10-18T00:53:07","date_gmt":"2025-10-18T00:53:07","guid":{"rendered":"https:\/\/infozamoraec.com\/?p=16535"},"modified":"2025-10-18T00:53:07","modified_gmt":"2025-10-18T00:53:07","slug":"radio-iluman-denuncio-la-suspension-temporal-de-su-senal","status":"publish","type":"post","link":"https:\/\/infozamoraec.com\/index.php\/2025\/10\/18\/radio-iluman-denuncio-la-suspension-temporal-de-su-senal\/","title":{"rendered":"Radio Ilum\u00e1n denunci\u00f3 la suspensi\u00f3n temporal de su se\u00f1al"},"content":{"rendered":"<p data-start=\"0\" data-end=\"86\">\n<p data-start=\"88\" data-end=\"399\">El medio comunitario <strong data-start=\"109\" data-end=\"125\">Radio Ilum\u00e1n<\/strong>, perteneciente al pueblo kichwa de Imbabura, denunci\u00f3 que la <strong data-start=\"187\" data-end=\"248\">Agencia de Regulaci\u00f3n de las Telecomunicaciones (Arcotel)<\/strong> dispuso la <strong data-start=\"260\" data-end=\"283\">suspensi\u00f3n temporal<\/strong> de su se\u00f1al en la frecuencia <strong data-start=\"313\" data-end=\"325\">106.7 FM<\/strong>, que cubre los cantones <strong data-start=\"350\" data-end=\"396\">Otavalo, Cotacachi, Antonio Ante y Urcuqu\u00ed<\/strong>.<\/p>\n<p data-start=\"401\" data-end=\"638\">Seg\u00fan un comunicado publicado en su cuenta oficial de <strong data-start=\"455\" data-end=\"467\">Facebook<\/strong>, la emisora inform\u00f3 que el <strong data-start=\"495\" data-end=\"528\">viernes 17 de octubre de 2025<\/strong> recibi\u00f3 una notificaci\u00f3n de Arcotel en la que se ordena la <strong data-start=\"588\" data-end=\"635\">interrupci\u00f3n inmediata de las transmisiones<\/strong>.<\/p>\n<p data-start=\"640\" data-end=\"821\">\u201cEn cumplimiento de esta disposici\u00f3n, hemos acatado la medida de manera responsable, procediendo al apagado temporal de nuestra se\u00f1al\u201d, indic\u00f3 uno de los representantes del medio.<\/p>\n<p data-start=\"823\" data-end=\"1050\">Radio Ilum\u00e1n expres\u00f3 adem\u00e1s su <strong data-start=\"854\" data-end=\"870\">preocupaci\u00f3n<\/strong> por esta decisi\u00f3n, se\u00f1alando que <strong data-start=\"904\" data-end=\"1015\">afecta el ejercicio de la libertad de expresi\u00f3n, el acceso a la informaci\u00f3n y la comunicaci\u00f3n intercultural<\/strong> de los pueblos y nacionalidades.<\/p>\n<p data-start=\"1052\" data-end=\"1291\" data-is-last-node=\"\" data-is-only-node=\"\">El medio comunitario solicit\u00f3 que la <strong data-start=\"1089\" data-end=\"1123\">medida sea revisada y revocada<\/strong>, con base en el respeto a los derechos constitucionales. Mientras tanto, inform\u00f3 que <strong data-start=\"1209\" data-end=\"1290\">mantendr\u00e1 contacto con la ciudadan\u00eda a trav\u00e9s de sus redes sociales oficiales<\/strong>.<\/p>\n","protected":false},"excerpt":{"rendered":"<p>El medio comunitario Radio Ilum\u00e1n, perteneciente al pueblo kichwa de Imbabura, denunci\u00f3 que la Agencia de Regulaci\u00f3n de las Telecomunicaciones (Arcotel) dispuso la suspensi\u00f3n temporal de su se\u00f1al en la frecuencia 106.7 FM, que cubre los cantones Otavalo, Cotacachi, Antonio Ante y Urcuqu\u00ed. Seg\u00fan un comunicado publicado en su cuenta oficial de Facebook, la emisora [&hellip;]<\/p>\n","protected":false},"author":1,"featured_media":16536,"comment_status":"open","ping_status":"open","sticky":false,"template":"","format":"standard","meta":{"footnotes":""},"categories":[12],"tags":[],"_links":{"self":[{"href":"https:\/\/infozamoraec.com\/index.php\/wp-json\/wp\/v2\/posts\/16535"}],"collection":[{"href":"https:\/\/infozamoraec.com\/index.php\/wp-json\/wp\/v2\/posts"}],"about":[{"href":"https:\/\/infozamoraec.com\/index.php\/wp-json\/wp\/v2\/types\/post"}],"author":[{"embeddable":true,"href":"https:\/\/infozamoraec.com\/index.php\/wp-json\/wp\/v2\/users\/1"}],"replies":[{"embeddable":true,"href":"https:\/\/infozamoraec.com\/index.php\/wp-json\/wp\/v2\/comments?post=16535"}],"version-history":[{"count":1,"href":"https:\/\/infozamoraec.com\/index.php\/wp-json\/wp\/v2\/posts\/16535\/revisions"}],"predecessor-version":[{"id":16537,"href":"https:\/\/infozamoraec.com\/index.php\/wp-json\/wp\/v2\/posts\/16535\/revisions\/16537"}],"wp:featuredmedia":[{"embeddable":true,"href":"https:\/\/infozamoraec.com\/index.php\/wp-json\/wp\/v2\/media\/16536"}],"wp:attachment":[{"href":"https:\/\/infozamoraec.com\/index.php\/wp-json\/wp\/v2\/media?parent=16535"}],"wp:term":[{"taxonomy":"category","embeddable":true,"href":"https:\/\/infozamoraec.com\/index.php\/wp-json\/wp\/v2\/categories?post=16535"},{"taxonomy":"post_tag","embeddable":true,"href":"https:\/\/infozamoraec.com\/index.php\/wp-json\/wp\/v2\/tags?post=16535"}],"curies":[{"name":"wp","href":"https:\/\/api.w.org\/{rel}","templated":true}]}}