{"id":16532,"date":"2025-10-18T00:48:09","date_gmt":"2025-10-18T00:48:09","guid":{"rendered":"https:\/\/infozamoraec.com\/?p=16532"},"modified":"2025-10-18T01:13:57","modified_gmt":"2025-10-18T01:13:57","slug":"noboa-dijeron-que-habria-apagones-les-demostramos-que-se-equivocaron","status":"publish","type":"post","link":"https:\/\/infozamoraec.com\/index.php\/2025\/10\/18\/noboa-dijeron-que-habria-apagones-les-demostramos-que-se-equivocaron\/","title":{"rendered":"Noboa: Dijeron que habr\u00eda apagones, les demostramos que se equivocaron"},"content":{"rendered":"<p>El Gobierno Nacional anunci\u00f3 la puesta en marcha de tres obras estrat\u00e9gicas en el sistema el\u00e9ctrico de la provincia de El Oro, con una inversi\u00f3n superior a los USD 53 millones. Se trata del Sistema de Transmisi\u00f3n \u201cLa Avanzada\u201d, la Subestaci\u00f3n de Distribuci\u00f3n \u201cLa Avanzada 2\u201d y la central de generaci\u00f3n GASVESUBIO. Las obras, ejecutadas por las empresas p\u00fablicas CELEC E.P. y CNEL E.P., est\u00e1n orientadas a mejorar la estabilidad, cobertura y eficiencia del suministro energ\u00e9tico en el sur del pa\u00eds.<\/p>\n<p>El presidente de la Rep\u00fablica, Daniel Noboa Azin, encabez\u00f3 el acto de entrega oficial en la parroquia La Avanzada, cant\u00f3n Santa Rosa, donde reafirm\u00f3 el compromiso de su administraci\u00f3n con el desarrollo del sistema el\u00e9ctrico nacional. \u201cSomos un Gobierno que planifica y cumple sus promesas\u201d, afirm\u00f3. En su intervenci\u00f3n, tambi\u00e9n se\u00f1al\u00f3 que pese a las advertencias de apagones a inicios de a\u00f1o, \u201cles demostramos que se equivocaron\u201d, en referencia a pron\u00f3sticos fallidos sobre la crisis energ\u00e9tica.<\/p>\n<p>OBRAS EL\u00c9CTRICAS INTEGRADAS PARA ABASTECER AL SUR DEL PA\u00cdS<\/p>\n<p>La Subestaci\u00f3n de Transmisi\u00f3n \u201cLa Avanzada\u201d, construida con una inversi\u00f3n de USD 29,5 millones, tiene una capacidad de 150 MVA y permitir\u00e1 descongestionar la carga de la Subestaci\u00f3n Machala, que hasta ahora era el \u00fanico nodo de transmisi\u00f3n de la provincia. Adem\u00e1s, establece un nuevo punto de interconexi\u00f3n con Per\u00fa, lo que habilita operaciones de importaci\u00f3n o exportaci\u00f3n de energ\u00eda dependiendo de la demanda nacional.<\/p>\n<p>De manera complementaria, la Subestaci\u00f3n de Distribuci\u00f3n \u201cLa Avanzada 2\u201d, con una inversi\u00f3n de USD 14,1 millones, cuenta con una capacidad de 180 MVA y est\u00e1 dise\u00f1ada para distribuir la energ\u00eda transformada hacia hogares, industrias y sectores productivos de la provincia. Ambas infraestructuras fueron financiadas parcialmente con recursos del Banco Interamericano de Desarrollo (BID).<\/p>\n<p>Adem\u00e1s, se incorporaron 13,5 megavatios al sistema el\u00e9ctrico nacional con la entrada en operaci\u00f3n de la central GASVESUBIO, que funciona con gas natural y represent\u00f3 una inversi\u00f3n de USD 9,6 millones. Esta planta contribuye al fortalecimiento del sistema de generaci\u00f3n en El Oro y se considera una fuente m\u00e1s sostenible dentro del esquema de generaci\u00f3n termoel\u00e9ctrica.<\/p>\n<p>Beneficio directo para m\u00e1s de 200.000 personas<\/p>\n<p>Estas obras beneficiar\u00e1n directamente a m\u00e1s de 200.000 habitantes de los cantones Santa Rosa, Arenillas, Las Lajas, Huaquillas, Pi\u00f1as, Atahualpa, Portovelo, Zaruma, Balsas y Marcabel\u00ed, y de manera indirecta a aproximadamente 750.000 personas en toda la provincia. Tambi\u00e9n impactar\u00e1n positivamente a los sectores agroindustrial, minero, acu\u00edcola y comercial, cuya demanda el\u00e9ctrica ha crecido significativamente.<\/p>\n<p>Seg\u00fan explic\u00f3 Alfredo Camacho, administrador del contrato del sistema de transmisi\u00f3n, la nueva infraestructura tambi\u00e9n facilita una gesti\u00f3n m\u00e1s eficiente gracias al cuarto de telecomunicaciones instalado en La Avanzada, desde donde se monitorea el estado de las instalaciones, protecciones el\u00e9ctricas, mediciones y sistemas de control.<\/p>\n<p>Discurso presidencial: \u00c9nfasis en decisiones t\u00e9cnicas y planificaci\u00f3n<\/p>\n<p>Durante su intervenci\u00f3n, el presidente Noboa se refiri\u00f3 a las decisiones tomadas por su administraci\u00f3n en materia energ\u00e9tica y fiscal. \u201cAhora hay un Gobierno que no solo tiene la fuerza para enfrentar a las mafias, sino tambi\u00e9n el coraz\u00f3n para acompa\u00f1ar con empat\u00eda a quienes m\u00e1s lo necesitan\u201d, se\u00f1al\u00f3. Adem\u00e1s, defendi\u00f3 medidas recientes como la eliminaci\u00f3n de subsidios espec\u00edficos y su redirecci\u00f3n hacia programas sociales y productivos.<\/p>\n","protected":false},"excerpt":{"rendered":"<p>El Gobierno Nacional anunci\u00f3 la puesta en marcha de tres obras estrat\u00e9gicas en el sistema el\u00e9ctrico de la provincia de El Oro, con una inversi\u00f3n superior a los USD 53 millones. Se trata del Sistema de Transmisi\u00f3n \u201cLa Avanzada\u201d, la Subestaci\u00f3n de Distribuci\u00f3n \u201cLa Avanzada 2\u201d y la central de generaci\u00f3n GASVESUBIO. Las obras, ejecutadas [&hellip;]<\/p>\n","protected":false},"author":1,"featured_media":16533,"comment_status":"open","ping_status":"open","sticky":false,"template":"","format":"standard","meta":{"footnotes":""},"categories":[12],"tags":[],"_links":{"self":[{"href":"https:\/\/infozamoraec.com\/index.php\/wp-json\/wp\/v2\/posts\/16532"}],"collection":[{"href":"https:\/\/infozamoraec.com\/index.php\/wp-json\/wp\/v2\/posts"}],"about":[{"href":"https:\/\/infozamoraec.com\/index.php\/wp-json\/wp\/v2\/types\/post"}],"author":[{"embeddable":true,"href":"https:\/\/infozamoraec.com\/index.php\/wp-json\/wp\/v2\/users\/1"}],"replies":[{"embeddable":true,"href":"https:\/\/infozamoraec.com\/index.php\/wp-json\/wp\/v2\/comments?post=16532"}],"version-history":[{"count":1,"href":"https:\/\/infozamoraec.com\/index.php\/wp-json\/wp\/v2\/posts\/16532\/revisions"}],"predecessor-version":[{"id":16534,"href":"https:\/\/infozamoraec.com\/index.php\/wp-json\/wp\/v2\/posts\/16532\/revisions\/16534"}],"wp:featuredmedia":[{"embeddable":true,"href":"https:\/\/infozamoraec.com\/index.php\/wp-json\/wp\/v2\/media\/16533"}],"wp:attachment":[{"href":"https:\/\/infozamoraec.com\/index.php\/wp-json\/wp\/v2\/media?parent=16532"}],"wp:term":[{"taxonomy":"category","embeddable":true,"href":"https:\/\/infozamoraec.com\/index.php\/wp-json\/wp\/v2\/categories?post=16532"},{"taxonomy":"post_tag","embeddable":true,"href":"https:\/\/infozamoraec.com\/index.php\/wp-json\/wp\/v2\/tags?post=16532"}],"curies":[{"name":"wp","href":"https:\/\/api.w.org\/{rel}","templated":true}]}}