{"id":16525,"date":"2025-10-18T00:40:59","date_gmt":"2025-10-18T00:40:59","guid":{"rendered":"https:\/\/infozamoraec.com\/?p=16525"},"modified":"2025-10-18T00:40:59","modified_gmt":"2025-10-18T00:40:59","slug":"indigenas-rechazan-tregua-en-imbabura-y-mantienen-resistencia-2","status":"publish","type":"post","link":"https:\/\/infozamoraec.com\/index.php\/2025\/10\/18\/indigenas-rechazan-tregua-en-imbabura-y-mantienen-resistencia-2\/","title":{"rendered":"Ind\u00edgenas rechazan tregua en Imbabura y mantienen \u00abresistencia\u00bb"},"content":{"rendered":"<p>Las poblaciones ind\u00edgenas de Imbabura, la provincia de Ecuador donde est\u00e1 el epicentro de las protestas contra el presidente Daniel Noboa, convocaron una gran asamblea para este viernes con el objetivo de mantener los bloqueos y las movilizaciones, al no aceptar la tregua parcial acordada por algunos dirigentes ind\u00edgenas con el Gobierno.<\/p>\n<p>La convocatoria se hizo despu\u00e9s de una celebraci\u00f3n de una primera asamblea en la plaza principal de Otavalo, n\u00facleo de la tensi\u00f3n social, en la que la poblaci\u00f3n ind\u00edgena mostr\u00f3 su desacuerdo con los acuerdos alcanzados por los dirigentes sociales con el Ejecutivo, que implicaban levantar los bloqueos a cambio de iniciar una serie de mesas de di\u00e1logo para tratar las demandas.<\/p>\n<p>\u00abQue siga el paro. Para fortalecer a los pueblos. Les pedimos a todos que asistan. Es un llamado al di\u00e1logo y a la unidad\u00bb, se\u00f1al\u00f3 Santiago Castro, dirigente ind\u00edgena de Otavalo, tras la asamblea en la que particip\u00f3 la alcaldesa de la ciudad, Anabel Hermosa, quien en la jornada previa hab\u00eda hecho de mediadora entre las comunidades y el Gobierno.<\/p>\n<p>La asamblea del viernes se celebrar\u00e1 en el punto donde mataron a Efra\u00edn Fueres, el primero de los dos manifestantes muertos por disparos en esta serie de protestas en Imbabura, presuntamente procedentes de militares que buscaban abrir las v\u00edas cortadas por las comunidades ind\u00edgenas.<\/p>\n<p>Alcaldesa: \u00abNadie dijo que el paro se ha acabado\u00bb<br \/>\n\u00abAqu\u00ed no hay terroristas. Que los militares se vayan y se dediquen a trabajar en las zonas del pa\u00eds donde hay mayor violencia\u00bb, dijo Fueres.<\/p>\n<p>Anabel Hermosa, alcaldesa de Otavalo, en la provincia ecuatoriana de Imbabura, epicentro de las protestas ind\u00edgenas, aclar\u00f3 este jueves que contin\u00faa el paro contra el alza del di\u00e9sel y otros reclamos, pese a que el mi\u00e9rcoles -tras una reuni\u00f3n con dirigentes ind\u00edgenas en esa ciudad- el ministro del Interior, John Reimberg dijo que se levantaba la medida.<\/p>\n","protected":false},"excerpt":{"rendered":"<p>Las poblaciones ind\u00edgenas de Imbabura, la provincia de Ecuador donde est\u00e1 el epicentro de las protestas contra el presidente Daniel Noboa, convocaron una gran asamblea para este viernes con el objetivo de mantener los bloqueos y las movilizaciones, al no aceptar la tregua parcial acordada por algunos dirigentes ind\u00edgenas con el Gobierno. La convocatoria se [&hellip;]<\/p>\n","protected":false},"author":1,"featured_media":16526,"comment_status":"open","ping_status":"open","sticky":false,"template":"","format":"standard","meta":{"footnotes":""},"categories":[12],"tags":[],"_links":{"self":[{"href":"https:\/\/infozamoraec.com\/index.php\/wp-json\/wp\/v2\/posts\/16525"}],"collection":[{"href":"https:\/\/infozamoraec.com\/index.php\/wp-json\/wp\/v2\/posts"}],"about":[{"href":"https:\/\/infozamoraec.com\/index.php\/wp-json\/wp\/v2\/types\/post"}],"author":[{"embeddable":true,"href":"https:\/\/infozamoraec.com\/index.php\/wp-json\/wp\/v2\/users\/1"}],"replies":[{"embeddable":true,"href":"https:\/\/infozamoraec.com\/index.php\/wp-json\/wp\/v2\/comments?post=16525"}],"version-history":[{"count":1,"href":"https:\/\/infozamoraec.com\/index.php\/wp-json\/wp\/v2\/posts\/16525\/revisions"}],"predecessor-version":[{"id":16527,"href":"https:\/\/infozamoraec.com\/index.php\/wp-json\/wp\/v2\/posts\/16525\/revisions\/16527"}],"wp:featuredmedia":[{"embeddable":true,"href":"https:\/\/infozamoraec.com\/index.php\/wp-json\/wp\/v2\/media\/16526"}],"wp:attachment":[{"href":"https:\/\/infozamoraec.com\/index.php\/wp-json\/wp\/v2\/media?parent=16525"}],"wp:term":[{"taxonomy":"category","embeddable":true,"href":"https:\/\/infozamoraec.com\/index.php\/wp-json\/wp\/v2\/categories?post=16525"},{"taxonomy":"post_tag","embeddable":true,"href":"https:\/\/infozamoraec.com\/index.php\/wp-json\/wp\/v2\/tags?post=16525"}],"curies":[{"name":"wp","href":"https:\/\/api.w.org\/{rel}","templated":true}]}}