{"id":16501,"date":"2025-10-17T02:31:44","date_gmt":"2025-10-17T02:31:44","guid":{"rendered":"https:\/\/infozamoraec.com\/?p=16501"},"modified":"2025-10-17T02:31:44","modified_gmt":"2025-10-17T02:31:44","slug":"arce-se-reune-con-mision-oea-y-llama-a-bolivianos-a-votar","status":"publish","type":"post","link":"https:\/\/infozamoraec.com\/index.php\/2025\/10\/17\/arce-se-reune-con-mision-oea-y-llama-a-bolivianos-a-votar\/","title":{"rendered":"Arce se re\u00fane con misi\u00f3n OEA y llama a bolivianos a votar"},"content":{"rendered":"<p>El mandatario de Bolivia, Luis Arce, se reuni\u00f3 este jueves (16.10.2025) con la misi\u00f3n de observadores de la Organizaci\u00f3n de Estados Americanos (OEA) y pidi\u00f3 a la ciudadan\u00eda participar con \u00abresponsabilidad y patriotismo\u00bb en la in\u00e9dita segunda vuelta presidencial que se celebrar\u00e1 el domingo.<\/p>\n<p>\u00abInstamos a la ciudadan\u00eda a participar activamente este domingo en este hist\u00f3rico balotaje presidencial, con responsabilidad y patriotismo, para ratificar que somos un pa\u00eds que elige a sus autoridades mediante el voto, que respeta la voluntad popular y que cumple con lo que estipula la Constituci\u00f3n\u00bb, escribi\u00f3 Arce en X.<\/p>\n<p>La publicaci\u00f3n del jefe de Estado estuvo acompa\u00f1ada por cuatro fotograf\u00edas de la reuni\u00f3n que tuvo con la delegaci\u00f3n de la OEA, presidida por Juan Fernando Cristo, en la Casa de Gobierno, en La Paz.<\/p>\n<p>Arce tambi\u00e9n expres\u00f3 el llamado que todos los bolivianos tienen a cuidar la democracia, por lo que es necesario \u00abdejar\u00bb las deferencias de lado y \u00abvelar porque sea una jornada pac\u00edfica y garantizar una transici\u00f3n ordenada hacia el nuevo gobierno electo en las urnas.<\/p>\n<p>La misi\u00f3n de la OEA previamente se reuni\u00f3 con los vocales del Tribunal Supremo Electoral (TSE) y tiene previsto reunirse con el candidato centrista Rodrigo Paz del partido Dem\u00f3crata Cristiano (PDC) y con el exmandatario derechista Jorge Tuto Quiroga (2001-2002), de Libre, que se medir\u00e1n en los comicios del domingo.<\/p>\n<p>Tambi\u00e9n tiene previsto encuentros con organizaciones de la sociedad civil y los grupos pol\u00edticos que participan en el balotaje.<\/p>\n<p>Jefe de misi\u00f3n OEA pide \u00abresponsabilidad con la democracia\u00bb<br \/>\nCristo pidi\u00f3 a los candidatos y a sus equipos de campa\u00f1a mostrar \u00abresponsabilidad con la democracia boliviana\u00bb e hizo un llamado \u00abal respeto a los resultados\u00bb y a la \u00abcalma\u00bb cuando se conozca el nombre del pr\u00f3ximo presidente del pa\u00eds.<\/p>\n<p>Adem\u00e1s de la OEA, habr\u00e1 otras misiones de observaci\u00f3n que acompa\u00f1ar\u00e1n el proceso electoral, como la de la Uni\u00f3n Europea (UE), que hace m\u00e1s de una semana despleg\u00f3 a sus veedores de largo plazo, para en estos d\u00edas incorporar en estos d\u00edas a los que acompa\u00f1ar\u00e1n el d\u00eda de la votaci\u00f3n.<\/p>\n<p>Tal como en la primera vuelta, en Bolivia podr\u00e1n votar m\u00e1s de 7,5 millones de personas mayores de 18 a\u00f1os, mientras que en el exterior hay m\u00e1s de 369.000 votantes inscritos en 22 pa\u00edses.<\/p>\n<p>El domingo 19 de octubre, Paz, que obtuvo en la primera vuelta el 32 % de los votos, se enfrentar\u00e1 a Quiroga (2001-2002), quien alcanz\u00f3 el 26,70 %, en una segunda vuelta marcada por la pugna voto a voto y las promesas de ambos de resolver la escasez de combustibles derivada de la falta de d\u00f3lares.<\/p>\n<p>jc (efe, Bolivia TV Oficial, La Raz\u00f3n)<\/p>\n","protected":false},"excerpt":{"rendered":"<p>El mandatario de Bolivia, Luis Arce, se reuni\u00f3 este jueves (16.10.2025) con la misi\u00f3n de observadores de la Organizaci\u00f3n de Estados Americanos (OEA) y pidi\u00f3 a la ciudadan\u00eda participar con \u00abresponsabilidad y patriotismo\u00bb en la in\u00e9dita segunda vuelta presidencial que se celebrar\u00e1 el domingo. \u00abInstamos a la ciudadan\u00eda a participar activamente este domingo en este [&hellip;]<\/p>\n","protected":false},"author":1,"featured_media":16502,"comment_status":"open","ping_status":"open","sticky":false,"template":"","format":"standard","meta":{"footnotes":""},"categories":[8],"tags":[],"_links":{"self":[{"href":"https:\/\/infozamoraec.com\/index.php\/wp-json\/wp\/v2\/posts\/16501"}],"collection":[{"href":"https:\/\/infozamoraec.com\/index.php\/wp-json\/wp\/v2\/posts"}],"about":[{"href":"https:\/\/infozamoraec.com\/index.php\/wp-json\/wp\/v2\/types\/post"}],"author":[{"embeddable":true,"href":"https:\/\/infozamoraec.com\/index.php\/wp-json\/wp\/v2\/users\/1"}],"replies":[{"embeddable":true,"href":"https:\/\/infozamoraec.com\/index.php\/wp-json\/wp\/v2\/comments?post=16501"}],"version-history":[{"count":1,"href":"https:\/\/infozamoraec.com\/index.php\/wp-json\/wp\/v2\/posts\/16501\/revisions"}],"predecessor-version":[{"id":16503,"href":"https:\/\/infozamoraec.com\/index.php\/wp-json\/wp\/v2\/posts\/16501\/revisions\/16503"}],"wp:featuredmedia":[{"embeddable":true,"href":"https:\/\/infozamoraec.com\/index.php\/wp-json\/wp\/v2\/media\/16502"}],"wp:attachment":[{"href":"https:\/\/infozamoraec.com\/index.php\/wp-json\/wp\/v2\/media?parent=16501"}],"wp:term":[{"taxonomy":"category","embeddable":true,"href":"https:\/\/infozamoraec.com\/index.php\/wp-json\/wp\/v2\/categories?post=16501"},{"taxonomy":"post_tag","embeddable":true,"href":"https:\/\/infozamoraec.com\/index.php\/wp-json\/wp\/v2\/tags?post=16501"}],"curies":[{"name":"wp","href":"https:\/\/api.w.org\/{rel}","templated":true}]}}