{"id":16498,"date":"2025-10-17T02:28:41","date_gmt":"2025-10-17T02:28:41","guid":{"rendered":"https:\/\/infozamoraec.com\/?p=16498"},"modified":"2025-10-17T02:29:17","modified_gmt":"2025-10-17T02:29:17","slug":"peru-investiga-muerte-de-manifestante-tras-protesta-en-lima","status":"publish","type":"post","link":"https:\/\/infozamoraec.com\/index.php\/2025\/10\/17\/peru-investiga-muerte-de-manifestante-tras-protesta-en-lima\/","title":{"rendered":"Per\u00fa investiga muerte de manifestante tras protesta en Lima"},"content":{"rendered":"<p>La Fiscal\u00eda de Per\u00fa anunci\u00f3 este jueves (16.10.2025) que realiza investigaciones urgentes, \u00aben el contexto de graves violaciones a los derechos humanos\u00bb, por la muerte de un manifestante durante la multitudinaria protesta que se realiz\u00f3 este mi\u00e9rcoles en Lima en contra del Gobierno y el Congreso por la crisis de corrupci\u00f3n e inseguridad ciudadana que afronta el pa\u00eds.<\/p>\n<p>El Ministerio P\u00fablico se\u00f1al\u00f3 en la red social X que la intenci\u00f3n es \u00abesclarecer las circunstancias del fallecimiento de E. R\u00bb, de 32 a\u00f1os, quien, seg\u00fan confirm\u00f3, \u00abrecibi\u00f3 un disparo por arma de fuego en las inmediaciones de la plaza Francia, ubicada en el Cercado de Lima, durante las protestas sociales realizadas el 15 de octubre\u00bb.<\/p>\n<p>La v\u00edctima falleci\u00f3 cuando estaba finalizando la multitudinaria protesta, seg\u00fan confirm\u00f3 en un primer momento la Defensor\u00eda del Pueblo, que tambi\u00e9n report\u00f3 que los enfrentamientos dejaron m\u00e1s de cien heridos, entre ellos 78 polic\u00edas y 24 manifestantes, as\u00ed como diez detenidos.<\/p>\n<p>El Gobierno reacciona<br \/>\nTestigos aseguraron que E.R. muri\u00f3 por un disparo ejecutado supuestamente por un agente policial encubierto entre los manifestantes, que aparentemente fue descubierto por un grupo de participantes en la protesta y, en su huida, abri\u00f3 fuego hacia sus perseguidores.<\/p>\n<p>Tras confirmarse la informaci\u00f3n sobre su muerte, el presidente interino de Per\u00fa, Jos\u00e9 Jer\u00ed, dese\u00f3 \u00abque las investigaciones determinen con objetividad los hechos y responsabilidades\u00bb y envi\u00f3 \u00abfuerza a su familia en este momento\u00bb. Por su parte, el ministro del Interior, Vicente Tiburcio, indic\u00f3 que dispuso \u00abde forma inmediata que se realicen las investigaciones\u00bb al argumentar que no hab\u00eda personal encubierto en la zona.<\/p>\n<p>\u00abSolicito una exhaustiva investigaci\u00f3n para esclarecer la muerte de este ciudadano. Lamentamos este hecho de muerte y hemos dispuesto que se investigue hasta las \u00faltimas consecuencias\u00bb, dijo.<\/p>\n<p>La manifestaci\u00f3n del mi\u00e9rcoles, que tuvo tambi\u00e9n sus r\u00e9plicas en varias ciudades del pa\u00eds, fue una de la m\u00e1s grande de los \u00faltimos a\u00f1os en el pa\u00eds, tras las protestas que dejaron al menos 49 civiles muertos entre finales de 2022 y los primeros meses de 2023, cuando Dina Boluarte lleg\u00f3 al poder, luego del encarcelamiento de su predecesor, Pedro Castillo, por su fallido intento de golpe de Estado.<\/p>\n<p>(mn\/efe, Reuters)<\/p>\n","protected":false},"excerpt":{"rendered":"<p>La Fiscal\u00eda de Per\u00fa anunci\u00f3 este jueves (16.10.2025) que realiza investigaciones urgentes, \u00aben el contexto de graves violaciones a los derechos humanos\u00bb, por la muerte de un manifestante durante la multitudinaria protesta que se realiz\u00f3 este mi\u00e9rcoles en Lima en contra del Gobierno y el Congreso por la crisis de corrupci\u00f3n e inseguridad ciudadana que [&hellip;]<\/p>\n","protected":false},"author":1,"featured_media":16500,"comment_status":"open","ping_status":"open","sticky":false,"template":"","format":"standard","meta":{"footnotes":""},"categories":[8],"tags":[],"_links":{"self":[{"href":"https:\/\/infozamoraec.com\/index.php\/wp-json\/wp\/v2\/posts\/16498"}],"collection":[{"href":"https:\/\/infozamoraec.com\/index.php\/wp-json\/wp\/v2\/posts"}],"about":[{"href":"https:\/\/infozamoraec.com\/index.php\/wp-json\/wp\/v2\/types\/post"}],"author":[{"embeddable":true,"href":"https:\/\/infozamoraec.com\/index.php\/wp-json\/wp\/v2\/users\/1"}],"replies":[{"embeddable":true,"href":"https:\/\/infozamoraec.com\/index.php\/wp-json\/wp\/v2\/comments?post=16498"}],"version-history":[{"count":1,"href":"https:\/\/infozamoraec.com\/index.php\/wp-json\/wp\/v2\/posts\/16498\/revisions"}],"predecessor-version":[{"id":16499,"href":"https:\/\/infozamoraec.com\/index.php\/wp-json\/wp\/v2\/posts\/16498\/revisions\/16499"}],"wp:featuredmedia":[{"embeddable":true,"href":"https:\/\/infozamoraec.com\/index.php\/wp-json\/wp\/v2\/media\/16500"}],"wp:attachment":[{"href":"https:\/\/infozamoraec.com\/index.php\/wp-json\/wp\/v2\/media?parent=16498"}],"wp:term":[{"taxonomy":"category","embeddable":true,"href":"https:\/\/infozamoraec.com\/index.php\/wp-json\/wp\/v2\/categories?post=16498"},{"taxonomy":"post_tag","embeddable":true,"href":"https:\/\/infozamoraec.com\/index.php\/wp-json\/wp\/v2\/tags?post=16498"}],"curies":[{"name":"wp","href":"https:\/\/api.w.org\/{rel}","templated":true}]}}